{"id":42502,"date":"2023-02-07T11:29:51","date_gmt":"2023-02-07T14:29:51","guid":{"rendered":"https:\/\/vocesdebaires.com.ar\/?p=42502"},"modified":"2023-02-07T11:29:51","modified_gmt":"2023-02-07T14:29:51","slug":"en-la-ciudad-larreta-se-reunio-con-embajadores-del-g20","status":"publish","type":"post","link":"https:\/\/vocesdebaires.com.ar\/index.php\/2023\/02\/07\/en-la-ciudad-larreta-se-reunio-con-embajadores-del-g20\/","title":{"rendered":"En la ciudad: Larreta se reuni\u00f3 con embajadores del G20"},"content":{"rendered":"<p>Horacio Rodr\u00edguez Larreta se reuni\u00f3 ayer en la Casa de Gobierno de la Ciudad con un grupo de embajadores de pa\u00edses del G20. Acompa\u00f1ado por el secretario general y de Relaciones Internacionales de la Ciudad, Fernando Straface, el Jefe de Gobierno comparti\u00f3 su visi\u00f3n sobre la situaci\u00f3n del pa\u00eds y las oportunidades de desarrollo que tiene la Argentina. \u201cNecesitamos cambiar el rumbo de la Argentina y convertirnos en un pa\u00eds confiable e integrado al mundo. El contexto internacional cambi\u00f3, el mundo hoy demanda nuestros motores de crecimiento, como alimentos, energ\u00eda, litio, turismo e industrias basadas en el conocimiento. Es una oportunidad enorme, pero para aprovecharla y que la Argentina se desarrolle tenemos que generar un shock de confianza internacional y consensuar cambios que podamos sostener en el tiempo\u201d, dijo Rodr\u00edguez Larreta.<\/p>\n<p>Participaron del encuentro los embajadores Ulrich A. Sante (Alemania), Simon Twisk (Australia), Hussein Mohammad Abdulfatah Alassiri (Arabia Saudita), Adriano Botelho (consejero pol\u00edtico de Brasil), Reid Douglas Sirrs (Canad\u00e1), Sun Yi (ministro consejero de China), Yong-soo Lee (Corea del Sur), Marc Stanley (Estados Unidos), Maria Claudia Scherer-Effosse (Francia), Fabrizio Lucentini (Italia), Yamuchi Hiroshi (Jap\u00f3n), Kirsty Hayes (Reino Unido) y Amador S\u00e1nchez Rico (Uni\u00f3n Europea); Mart\u00edn Redrado, secretario de Asuntos Estrat\u00e9gicos; Jorge Faurie, excanciller, y Marcelo Scaglione, subsecretario de Estado entre 2015 y 2019, a cargo de coordinar el acceso de la Argentina a la Organizaci\u00f3n para la Cooperaci\u00f3n y el Desarrollo Econ\u00f3micos (OCDE).<\/p>\n<p>El jefe de gobierno porte\u00f1o afirm\u00f3 que es fundamental profundizar el v\u00ednculo estrat\u00e9gico con Brasil -el principal socio comercial y uno de los pa\u00edses que m\u00e1s invierte en la Argentina- y reiter\u00f3 que la relaci\u00f3n tiene que basarse en el pragmatismo y las posibilidades de desarrollo conjunto, y no en la orientaci\u00f3n ideol\u00f3gica de los presidentes. Por su parte, Straface precis\u00f3 que es clave iniciar decididamente el proceso de acceso de la Argentina a la OCDE, y agreg\u00f3 que Buenos Aires impulsar\u00e1 un di\u00e1logo con provincias y ciudades de todo el pa\u00eds para apoyar el proceso.<\/p>\n<p>\u201cDebemos hacer del acceso a la OCDE una pol\u00edtica de Estado como hicieron muchos pa\u00edses de la regi\u00f3n. Ingresar a la organizaci\u00f3n nos permitir\u00eda capitalizar est\u00e1ndares y buenas pr\u00e1cticas internacionales, reducir el costo de capital, bajar el riesgo pa\u00eds y aumentar las exportaciones\u201d, se\u00f1al\u00f3 Straface. Asimismo, Larreta analiz\u00f3 las amenazas a la democracia en la regi\u00f3n, e indic\u00f3 que la defensa de las instituciones democr\u00e1ticas en Am\u00e9rica Latina debe convertirse en un pilar de la pol\u00edtica exterior argentina, porque es una condici\u00f3n necesaria para alcanzar la prosperidad de la Argentina y de la regi\u00f3n en su conjunto.<\/p>\n<p>A pocos d\u00edas de cumplirse un a\u00f1o, el Jefe de Gobierno reiter\u00f3 su condena a la invasi\u00f3n rusa a Ucrania. En esta l\u00ednea, la Ciudad volver\u00e1 a acompa\u00f1ar a la colectividad ucraniana en Buenos Aires y se sumar\u00e1 a una campa\u00f1a internacional de rechazo impulsada por ciudades europeas para iluminar monumentos y edificios p\u00fablicos con los colores de la bandera de Ucrania.<br \/>\nFinalmente, el Jefe de Gobierno dio sus condolencias por el terremoto ocurrido en Turqu\u00eda y Siria y se solidariz\u00f3 con las v\u00edctimas.<\/p>\n<p>Foto:Macarena Bultri\/GCBA<\/p>\n","protected":false},"excerpt":{"rendered":"<p>Horacio Rodr\u00edguez Larreta se reuni\u00f3 ayer en la Casa de Gobierno de la Ciudad con un grupo de embajadores de pa\u00edses del G20. Acompa\u00f1ado por el secretario general y de Relaciones Internacionales de la Ciudad, Fernando Straface, el Jefe de Gobierno comparti\u00f3 su visi\u00f3n sobre la situaci\u00f3n del pa\u00eds y las oportunidades de desarrollo que [&hellip;]<\/p>\n","protected":false},"author":3,"featured_media":42503,"comment_status":"open","ping_status":"open","sticky":false,"template":"","format":"standard","meta":{"_et_pb_use_builder":"","_et_pb_old_content":"","_et_gb_content_width":"","footnotes":""},"categories":[11,33],"tags":[],"class_list":["post-42502","post","type-post","status-publish","format-standard","has-post-thumbnail","hentry","category-ciudad","category-sociedad-y-cultura-2"],"_links":{"self":[{"href":"https:\/\/vocesdebaires.com.ar\/index.php\/wp-json\/wp\/v2\/posts\/42502"}],"collection":[{"href":"https:\/\/vocesdebaires.com.ar\/index.php\/wp-json\/wp\/v2\/posts"}],"about":[{"href":"https:\/\/vocesdebaires.com.ar\/index.php\/wp-json\/wp\/v2\/types\/post"}],"author":[{"embeddable":true,"href":"https:\/\/vocesdebaires.com.ar\/index.php\/wp-json\/wp\/v2\/users\/3"}],"replies":[{"embeddable":true,"href":"https:\/\/vocesdebaires.com.ar\/index.php\/wp-json\/wp\/v2\/comments?post=42502"}],"version-history":[{"count":1,"href":"https:\/\/vocesdebaires.com.ar\/index.php\/wp-json\/wp\/v2\/posts\/42502\/revisions"}],"predecessor-version":[{"id":42504,"href":"https:\/\/vocesdebaires.com.ar\/index.php\/wp-json\/wp\/v2\/posts\/42502\/revisions\/42504"}],"wp:featuredmedia":[{"embeddable":true,"href":"https:\/\/vocesdebaires.com.ar\/index.php\/wp-json\/wp\/v2\/media\/42503"}],"wp:attachment":[{"href":"https:\/\/vocesdebaires.com.ar\/index.php\/wp-json\/wp\/v2\/media?parent=42502"}],"wp:term":[{"taxonomy":"category","embeddable":true,"href":"https:\/\/vocesdebaires.com.ar\/index.php\/wp-json\/wp\/v2\/categories?post=42502"},{"taxonomy":"post_tag","embeddable":true,"href":"https:\/\/vocesdebaires.com.ar\/index.php\/wp-json\/wp\/v2\/tags?post=42502"}],"curies":[{"name":"wp","href":"https:\/\/api.w.org\/{rel}","templated":true}]}}