{"id":42525,"date":"2023-02-09T00:00:22","date_gmt":"2023-02-09T03:00:22","guid":{"rendered":"https:\/\/vocesdebaires.com.ar\/?p=42525"},"modified":"2023-02-08T20:02:13","modified_gmt":"2023-02-08T23:02:13","slug":"buenos-airesroque-perez-saladillo-tapalque-se-viste-de-carnaval","status":"publish","type":"post","link":"https:\/\/vocesdebaires.com.ar\/index.php\/2023\/02\/09\/buenos-airesroque-perez-saladillo-tapalque-se-viste-de-carnaval\/","title":{"rendered":"Buenos Aires:Roque P\u00e9rez, Saladillo, Tapalqu\u00e9, se viste de carnaval"},"content":{"rendered":"<p>Se acuerdan de los baldazos de agua que te mojaban de improviso al caminar por las calles del pueblo? O de los ni\u00f1os, que bajo el sol penetrante del mediod\u00eda, corr\u00edan con sus bombuchas para sorprender a alguna abuela que volv\u00eda de hacer las compras? Se acuerdan de los bailes en las calles y el pueblo reunido en las plazas? Los disfraces, las previas para ensayar, el papel picado\u2026..En Buenos Aires aquellas costumbres de anta\u00f1o siguen intactas, tambi\u00e9n las sonrisas y las caras de asombro de aquellos que son alcanzados por el agua, las serpentinas, las mascaritas y la espuma. Sin duda, la alegr\u00eda de la risa siempre fue y es la mejor medicina.<\/p>\n<p>Roque P\u00e9rez, Saladillo, Tapalqu\u00e9 y Tandil disfrutan al m\u00e1ximo de estas fiestas paganas, plenas de historias que buscan recuperar la alegr\u00eda, la diversi\u00f3n, la manifestaci\u00f3n popular y el baile que es sin dudas un tesoro de la ruralidad para estos d\u00edas de febrero. Cada a\u00f1o los lugare\u00f1os comienzan la temporada veraniega confeccionando y bordando sus trajes de manera artesanal y los gastos corren, en algunos casos, por cuenta propia y en otros se financian con rifas que realizan durante el a\u00f1o.<\/p>\n<p>Esta tradici\u00f3n que seduce a grandes y a ni\u00f1os, se va trasladando de generaci\u00f3n a generaci\u00f3n es por eso que se puede observar a las abuelas bailando con sus nietos en brazos. \u201cAc\u00e1 se ensaya sin core\u00f3grafo, todo sale del coraz\u00f3n\u201d dicen los pueblerinos. Este ritual colectivo que durmi\u00f3 en \u00e9poca de pandemia, hoy se vive m\u00e1s intensamente bajo el disfraz que busca con los colores y los brillos desatar la alegr\u00eda del pueblo y olvidar los problemas mientras que, el antifaz los mantiene en el anonimato.<\/p>\n<p>Los pueblos rurales de Tandil se visten para la ocasi\u00f3n durante todo el mes. GARDEY, pueblo rural tur\u00edstico ubicado a 27 km de Tandil, tiene su d\u00eda de carnaval el s\u00e1bado 11 de febrero a las 20 horas. La comunidad entera comienza mucho tiempo antes la preparaci\u00f3n de la fiesta, hay quienes a\u00fan bordan a mano sus propios trajes. Por las tardes de enero y febrero se puede observar a docentes, alumnos y gente del barrio reunidos ensayando en la Plaza. Vela, a 50 kil\u00f3metros de la ciudad, tendr\u00e1 su fiesta del 24 al 26. Los visitantes que lleguen a la ciudad podr\u00e1n visitar su m\u00e1gico balneario, con aguas naturales y disfrutar de hermosas tardes bajo una arboleda y una naturaleza que se despliega a lo largo del predio para cobijar a los turistas.<\/p>\n<p>Tapalqu\u00e9 la ciudad del balneario m\u00e1s atractivo de la provincia, situada a tan solo tres horas y media de Capital Federal, recibe a sus Corsos Populares del 18 al 20 con carrozas, comparsas, concursos, premios, corso infantil y m\u00fasica. Participar\u00e1n de los Corsos la Escuela Municipal de Circo, la Comparsa olavarriense Vip Samb\u00e1 y la Comparsa Coraz\u00f3n de Le\u00f3n de Tres Arroyos, entre otras. Se han programado tambi\u00e9n para esos d\u00edas espect\u00e1culos musicales para bailar toda la noche y se realizar\u00e1n concursos de karaoke. Los m\u00e1s chicos podr\u00e1n desfilar con sus disfraces en el Corso Infantil.<\/p>\n<p>El 20 de febrero cierra la semana de carnaval con lo mejor de la m\u00fasica tropical ya que en el escenario principal se presentar\u00e1n El Mago y la Nueva. Por su parte, Roque P\u00e9rez, a apenas 130 km de la capital, viste la ciudad de colores. Los llamados tradicionales corsos de la localidad se van a estar realizando entre el 18 y el 21 de febrero con diversas propuestas para toda la familia. Participar\u00e1n 7 instituciones (educativas, deportivas y culturales) y una murga, con despliegue de carrozas, las cuales desfilar\u00e1n cada noche mostrando los motivos elegidos. El municipio, a trav\u00e9s de la Direcci\u00f3n de Cultura, es el encargado de complementar las noches con espect\u00e1culos art\u00edsticos, shows y presentaciones musicales.<\/p>\n<p><strong>S\u00e1bado 18\/2: presentaci\u00f3n de \u201cLa Coqui\u201d y \u201cLa San Francisco\u201d<\/strong><br \/>\n<strong>Domingo 19\/2 presentaci\u00f3n de \u201cChecho, siempre cumbia\u201d, chicos del Centro de D\u00eda y La \u201cF\u201d Etchemendy<\/strong><br \/>\n<strong>Lunes 20\/2 Carnaval infantil con juegos, competencias, disfraces y carrera de dinosaurios. Marionetas Gigantes, \u201cLos Cuates\u201d y \u201cAgrupaci\u00f3n Palmar\u201d<\/strong><br \/>\n<strong>Martes 21\/2 Marionetas Gigantes, comparsa \u201cSuena La Percu\u201d y cierre con Mario Luis (gentileza del Instituto Cultural de la Provincia de Buenos Aires)<\/strong><\/p>\n<p>Saladillo, tiene su fiesta rural este s\u00e1bado. La convocatoria es en el pueblo \u00c1lvarez de Toledo. Por su parte Polvaredas, realizar\u00e1 el viernes 10 de febrero a partir de las 21,30 un gran baile de Carnaval en el Club Pampero. Su delegado Sergio Storti manifest\u00f3 que la diversi\u00f3n est\u00e1 asegurada \u201cEl pueblo se convoca en nuestro club para bailar y divertirse como en los viejos tiempos. Es una propuesta familiar que comienza a la noche, pero quienes quieran venir a visitarnos m\u00e1s temprano podr\u00e1n recorrer las calles tranquilas de nuestro pueblo, visitar bares t\u00edpicos y pasar una tarde diferente y bien atendidos\u201d, afirm\u00f3.<\/p>\n","protected":false},"excerpt":{"rendered":"<p>Se acuerdan de los baldazos de agua que te mojaban de improviso al caminar por las calles del pueblo? O de los ni\u00f1os, que bajo el sol penetrante del mediod\u00eda, corr\u00edan con sus bombuchas para sorprender a alguna abuela que volv\u00eda de hacer las compras? Se acuerdan de los bailes en las calles y el [&hellip;]<\/p>\n","protected":false},"author":2,"featured_media":42526,"comment_status":"open","ping_status":"open","sticky":false,"template":"","format":"standard","meta":{"_et_pb_use_builder":"","_et_pb_old_content":"","_et_gb_content_width":"","footnotes":""},"categories":[13,33],"tags":[],"class_list":["post-42525","post","type-post","status-publish","format-standard","has-post-thumbnail","hentry","category-provincia","category-sociedad-y-cultura-2"],"_links":{"self":[{"href":"https:\/\/vocesdebaires.com.ar\/index.php\/wp-json\/wp\/v2\/posts\/42525"}],"collection":[{"href":"https:\/\/vocesdebaires.com.ar\/index.php\/wp-json\/wp\/v2\/posts"}],"about":[{"href":"https:\/\/vocesdebaires.com.ar\/index.php\/wp-json\/wp\/v2\/types\/post"}],"author":[{"embeddable":true,"href":"https:\/\/vocesdebaires.com.ar\/index.php\/wp-json\/wp\/v2\/users\/2"}],"replies":[{"embeddable":true,"href":"https:\/\/vocesdebaires.com.ar\/index.php\/wp-json\/wp\/v2\/comments?post=42525"}],"version-history":[{"count":1,"href":"https:\/\/vocesdebaires.com.ar\/index.php\/wp-json\/wp\/v2\/posts\/42525\/revisions"}],"predecessor-version":[{"id":42527,"href":"https:\/\/vocesdebaires.com.ar\/index.php\/wp-json\/wp\/v2\/posts\/42525\/revisions\/42527"}],"wp:featuredmedia":[{"embeddable":true,"href":"https:\/\/vocesdebaires.com.ar\/index.php\/wp-json\/wp\/v2\/media\/42526"}],"wp:attachment":[{"href":"https:\/\/vocesdebaires.com.ar\/index.php\/wp-json\/wp\/v2\/media?parent=42525"}],"wp:term":[{"taxonomy":"category","embeddable":true,"href":"https:\/\/vocesdebaires.com.ar\/index.php\/wp-json\/wp\/v2\/categories?post=42525"},{"taxonomy":"post_tag","embeddable":true,"href":"https:\/\/vocesdebaires.com.ar\/index.php\/wp-json\/wp\/v2\/tags?post=42525"}],"curies":[{"name":"wp","href":"https:\/\/api.w.org\/{rel}","templated":true}]}}