{"id":42528,"date":"2023-02-09T00:00:52","date_gmt":"2023-02-09T03:00:52","guid":{"rendered":"https:\/\/vocesdebaires.com.ar\/?p=42528"},"modified":"2023-02-08T20:05:30","modified_gmt":"2023-02-08T23:05:30","slug":"larreta-presento-los-proyectos-de-seguridad-de-la-ciudad","status":"publish","type":"post","link":"https:\/\/vocesdebaires.com.ar\/index.php\/2023\/02\/09\/larreta-presento-los-proyectos-de-seguridad-de-la-ciudad\/","title":{"rendered":"Larreta present\u00f3 los proyectos de seguridad de la Ciudad"},"content":{"rendered":"<p>El jefe de Gobierno porte\u00f1o, Horacio Rodr\u00edguez Larreta, present\u00f3 ayer los proyectos de seguridad que la Ciudad implementar\u00e1 durante 2023 y afirm\u00f3: \u201cQuiero una Argentina donde la gente no tenga que pensar c\u00f3mo evitar que le roben o la lastimen. El tiempo y la energ\u00eda que esto consume es enorme, porque genera miedo\u201d. Rodr\u00edguez Larreta destac\u00f3 que el Plan Integral de Seguridad P\u00fablica, implementado a partir de 2016 con la creaci\u00f3n de la Polic\u00eda de la Ciudad, permiti\u00f3 que Buenos Aires sea la capital m\u00e1s segura de Latinoam\u00e9rica, aunque remarc\u00f3 que \u201cmientras haya un solo delito, hay que seguir trabajando\u201d.<\/p>\n<p>Con ese objetivo, el Jefe de Gobierno anunci\u00f3 inversiones en infraestructura, con la construcci\u00f3n de dos nuevas comisar\u00edas en las Comunas 3 y 7, un nuevo cuartel de Bomberos en Puerto Madero y obras en la Base de Agentes de Tr\u00e1nsito de Seguridad de Parque Chacabuco. Tambi\u00e9n detall\u00f3 que la Polic\u00eda de la Ciudad tendr\u00e1 m\u00e1s equipamiento, con el recambio de la flota automotor y herramientas como drones y cuatriciclos; y que se realizar\u00e1 la ampliaci\u00f3n del sistema de videovigilancia, con un nuevo Centro de Monitoreo en la Zona Sur, con sede en Lugano, que se sumar\u00e1 a los que funcionan hoy en Chacarita, la 9 de Julio y Puerto Madero. Actualmente, el 75% de la Ciudad ya est\u00e1 videovigilada.<\/p>\n<p>\u201cEsto va de la mano de nuestra visi\u00f3n de la funci\u00f3n p\u00fablica. Porque a nosotros no nos da igual que la gente se cuide sola a que tenga una comisar\u00eda en su barrio, un patrullero equipado que recorra sus calles o un polic\u00eda preparado y capacitado en la esquina de su casa\u201d, sostuvo Rodr\u00edguez Larreta, durante la presentaci\u00f3n realizada en el lo que ser\u00e1 el nuevo destacamento de Bomberos de Puerto Madero, acompa\u00f1ado por el Jefe de Gabinete, Felipe Miguel; la subsecretaria de Seguridad Ciudadana y Orden P\u00fablico, Elizabeth Caama\u00f1o; el secretario de Asuntos P\u00fablicos, Waldo Wolff; el jefe de la Polic\u00eda de la Ciudad, Gabriel Berard; y el jefe de Bomberos, Juan Carlos Moriconi.<\/p>\n<p>Fotos: Marcos Brindicci\/GCBA<\/p>\n","protected":false},"excerpt":{"rendered":"<p>El jefe de Gobierno porte\u00f1o, Horacio Rodr\u00edguez Larreta, present\u00f3 ayer los proyectos de seguridad que la Ciudad implementar\u00e1 durante 2023 y afirm\u00f3: \u201cQuiero una Argentina donde la gente no tenga que pensar c\u00f3mo evitar que le roben o la lastimen. El tiempo y la energ\u00eda que esto consume es enorme, porque genera miedo\u201d. Rodr\u00edguez Larreta [&hellip;]<\/p>\n","protected":false},"author":2,"featured_media":42529,"comment_status":"open","ping_status":"open","sticky":false,"template":"","format":"standard","meta":{"_et_pb_use_builder":"","_et_pb_old_content":"","_et_gb_content_width":"","footnotes":""},"categories":[11,33],"tags":[],"class_list":["post-42528","post","type-post","status-publish","format-standard","has-post-thumbnail","hentry","category-ciudad","category-sociedad-y-cultura-2"],"_links":{"self":[{"href":"https:\/\/vocesdebaires.com.ar\/index.php\/wp-json\/wp\/v2\/posts\/42528"}],"collection":[{"href":"https:\/\/vocesdebaires.com.ar\/index.php\/wp-json\/wp\/v2\/posts"}],"about":[{"href":"https:\/\/vocesdebaires.com.ar\/index.php\/wp-json\/wp\/v2\/types\/post"}],"author":[{"embeddable":true,"href":"https:\/\/vocesdebaires.com.ar\/index.php\/wp-json\/wp\/v2\/users\/2"}],"replies":[{"embeddable":true,"href":"https:\/\/vocesdebaires.com.ar\/index.php\/wp-json\/wp\/v2\/comments?post=42528"}],"version-history":[{"count":1,"href":"https:\/\/vocesdebaires.com.ar\/index.php\/wp-json\/wp\/v2\/posts\/42528\/revisions"}],"predecessor-version":[{"id":42530,"href":"https:\/\/vocesdebaires.com.ar\/index.php\/wp-json\/wp\/v2\/posts\/42528\/revisions\/42530"}],"wp:featuredmedia":[{"embeddable":true,"href":"https:\/\/vocesdebaires.com.ar\/index.php\/wp-json\/wp\/v2\/media\/42529"}],"wp:attachment":[{"href":"https:\/\/vocesdebaires.com.ar\/index.php\/wp-json\/wp\/v2\/media?parent=42528"}],"wp:term":[{"taxonomy":"category","embeddable":true,"href":"https:\/\/vocesdebaires.com.ar\/index.php\/wp-json\/wp\/v2\/categories?post=42528"},{"taxonomy":"post_tag","embeddable":true,"href":"https:\/\/vocesdebaires.com.ar\/index.php\/wp-json\/wp\/v2\/tags?post=42528"}],"curies":[{"name":"wp","href":"https:\/\/api.w.org\/{rel}","templated":true}]}}