{"id":42531,"date":"2023-02-09T00:00:53","date_gmt":"2023-02-09T03:00:53","guid":{"rendered":"https:\/\/vocesdebaires.com.ar\/?p=42531"},"modified":"2023-02-08T20:08:39","modified_gmt":"2023-02-08T23:08:39","slug":"ciudadcampana-solidaria-de-amia-por-la-vuelta-a-clases-2023","status":"publish","type":"post","link":"https:\/\/vocesdebaires.com.ar\/index.php\/2023\/02\/09\/ciudadcampana-solidaria-de-amia-por-la-vuelta-a-clases-2023\/","title":{"rendered":"Ciudad:Campa\u00f1a solidaria de AMIA por la \u201cVuelta a clases 2023\u201d"},"content":{"rendered":"<p>Como ya es tradici\u00f3n, AMIA lanz\u00f3 su campa\u00f1a para que ni\u00f1os, ni\u00f1as y adolescentes, destinatarios de los programas sociales de la instituci\u00f3n, puedan empezar las clases con todos los elementos que necesitan para usar en el aula. Para cumplir con este prop\u00f3sito, la entidad convoca a los interesados en colaborar, a ser parte de esta iniciativa solidaria, realizando una donaci\u00f3n que permita entregar 350 kits escolares para jard\u00edn, primaria o secundaria. Para conocer los diferentes montos que se pueden aportar y saber m\u00e1s datos sobre el alcance de la campa\u00f1a, se puede visitar el sitio web www.ayudar.amia.org.ar<\/p>\n<p>\u201cPrevio al inicio del ciclo lectivo 2023, volvemos a llevar adelante esta acci\u00f3n solidaria, con el prop\u00f3sito de garantizar una experiencia educativa con igualdad de oportunidades\u201d, expresaron desde el departamento de Programas Sociales de AMIA. \u201cInvitamos a las personas interesadas a que se sumen a la campa\u00f1a, para que los ni\u00f1os, ni\u00f1as y adolescentes, alcanzados por nuestros proyectos sociales, puedan contar con todo lo que necesitan para comenzar las clases\u201d, agregaron. El jueves 23 de febrero, en la sede de Uriburu 650, las familias, cuyos hijos cursan estudios en los diferentes niveles de ense\u00f1anza, recibir\u00e1n los kits escolares en una fiesta que ofrecer\u00e1 juegos, shows, regalos y muchas sorpresas m\u00e1s.<\/p>\n","protected":false},"excerpt":{"rendered":"<p>Como ya es tradici\u00f3n, AMIA lanz\u00f3 su campa\u00f1a para que ni\u00f1os, ni\u00f1as y adolescentes, destinatarios de los programas sociales de la instituci\u00f3n, puedan empezar las clases con todos los elementos que necesitan para usar en el aula. Para cumplir con este prop\u00f3sito, la entidad convoca a los interesados en colaborar, a ser parte de esta [&hellip;]<\/p>\n","protected":false},"author":2,"featured_media":42532,"comment_status":"open","ping_status":"open","sticky":false,"template":"","format":"standard","meta":{"_et_pb_use_builder":"","_et_pb_old_content":"","_et_gb_content_width":"","footnotes":""},"categories":[11,33],"tags":[],"class_list":["post-42531","post","type-post","status-publish","format-standard","has-post-thumbnail","hentry","category-ciudad","category-sociedad-y-cultura-2"],"_links":{"self":[{"href":"https:\/\/vocesdebaires.com.ar\/index.php\/wp-json\/wp\/v2\/posts\/42531"}],"collection":[{"href":"https:\/\/vocesdebaires.com.ar\/index.php\/wp-json\/wp\/v2\/posts"}],"about":[{"href":"https:\/\/vocesdebaires.com.ar\/index.php\/wp-json\/wp\/v2\/types\/post"}],"author":[{"embeddable":true,"href":"https:\/\/vocesdebaires.com.ar\/index.php\/wp-json\/wp\/v2\/users\/2"}],"replies":[{"embeddable":true,"href":"https:\/\/vocesdebaires.com.ar\/index.php\/wp-json\/wp\/v2\/comments?post=42531"}],"version-history":[{"count":1,"href":"https:\/\/vocesdebaires.com.ar\/index.php\/wp-json\/wp\/v2\/posts\/42531\/revisions"}],"predecessor-version":[{"id":42533,"href":"https:\/\/vocesdebaires.com.ar\/index.php\/wp-json\/wp\/v2\/posts\/42531\/revisions\/42533"}],"wp:featuredmedia":[{"embeddable":true,"href":"https:\/\/vocesdebaires.com.ar\/index.php\/wp-json\/wp\/v2\/media\/42532"}],"wp:attachment":[{"href":"https:\/\/vocesdebaires.com.ar\/index.php\/wp-json\/wp\/v2\/media?parent=42531"}],"wp:term":[{"taxonomy":"category","embeddable":true,"href":"https:\/\/vocesdebaires.com.ar\/index.php\/wp-json\/wp\/v2\/categories?post=42531"},{"taxonomy":"post_tag","embeddable":true,"href":"https:\/\/vocesdebaires.com.ar\/index.php\/wp-json\/wp\/v2\/tags?post=42531"}],"curies":[{"name":"wp","href":"https:\/\/api.w.org\/{rel}","templated":true}]}}