{"id":42541,"date":"2023-02-14T00:00:58","date_gmt":"2023-02-14T03:00:58","guid":{"rendered":"https:\/\/vocesdebaires.com.ar\/?p=42541"},"modified":"2023-02-13T15:33:50","modified_gmt":"2023-02-13T18:33:50","slug":"en-la-ciudadconvocatoria-a-audiciones-para-musicos-ejecutantes","status":"publish","type":"post","link":"https:\/\/vocesdebaires.com.ar\/index.php\/2023\/02\/14\/en-la-ciudadconvocatoria-a-audiciones-para-musicos-ejecutantes\/","title":{"rendered":"En la ciudad:Convocatoria a audiciones para m\u00fasicos ejecutantes"},"content":{"rendered":"<p>La convocatoria est\u00e1 abierta para ejecutantes de clarinete soprano en Bb, clarinete requinto en Eb, oboe, violoncello, contrabajo, saxo tenor en Bb, saxo alto en Eb, corno franc\u00e9s, tromb\u00f3n tenor y fliscorno soprano en Bb. Los interesados podr\u00e1n inscribirse a partir del 15 al 17 de febrero 2023 a trav\u00e9s del mail baorganismosestables@buenosaires.gob.ar o personalmente en la Direcci\u00f3n General de M\u00fasica: Av. de Mayo 575 4\u00ba piso of 401, de 13 a 17 hs. Las audiciones de los seleccionados se llevar\u00e1n a cabo del 22 al 28 de febrero. La Banda Sinf\u00f3nica de la Ciudad de Buenos Aires, organismo estable de la Direcci\u00f3n General de M\u00fasica, fue creada por iniciativa de Antonio Malvagni experimentado director italiano de bandas, para darle a la ciudad una agrupaci\u00f3n sinf\u00f3nica de car\u00e1cter permanente.<\/p>\n<p>Se present\u00f3 oficialmente, en el Teatro Col\u00f3n el 14 de mayo de 1910 para celebrar el Centenario de la Revoluci\u00f3n de Mayo. Fue dirigida por figuras de trayectoria nacional e internacional como Rafael Del Giudice, Domingo Calabr\u00f3, Reinaldo Zamboni, Mariano Drago, Gerardo Gandini, Roberto Far\u00edas (Brasil), Dennis Johnson (Estados Unidos), Vito Clemente (Italia), Jos\u00e9 Mar\u00eda Castro, Pascual Grisol\u00eda, Mario De Rose, Bernardo Teruggi, Gustavo Fontana y Jos\u00e9 Luis Cladera. A ellos se sumaron Juan Jos\u00e9 Castro, Luis Gianneo, Pedro Ignacio Calder\u00f3n y Sim\u00f3n Blech, entre otros. En la actualidad, sus directores son los Maestros Carlos David Jaimes y Luciano Gabriel Falc\u00f3n. Desde sus inicios, la Banda Sinf\u00f3nica de la Ciudad realiza una constante tarea de divulgaci\u00f3n tanto en espacios abiertos, plazas y parques como en salas de conciertos y escuelas p\u00fablicas porte\u00f1as, donde desarrolla una intensa labor pedag\u00f3gica mediante su ciclo anual de conciertos did\u00e1cticos.<\/p>\n","protected":false},"excerpt":{"rendered":"<p>La convocatoria est\u00e1 abierta para ejecutantes de clarinete soprano en Bb, clarinete requinto en Eb, oboe, violoncello, contrabajo, saxo tenor en Bb, saxo alto en Eb, corno franc\u00e9s, tromb\u00f3n tenor y fliscorno soprano en Bb. Los interesados podr\u00e1n inscribirse a partir del 15 al 17 de febrero 2023 a trav\u00e9s del mail baorganismosestables@buenosaires.gob.ar o personalmente [&hellip;]<\/p>\n","protected":false},"author":3,"featured_media":42542,"comment_status":"open","ping_status":"open","sticky":false,"template":"","format":"standard","meta":{"_et_pb_use_builder":"","_et_pb_old_content":"","_et_gb_content_width":"","footnotes":""},"categories":[11,33],"tags":[],"class_list":["post-42541","post","type-post","status-publish","format-standard","has-post-thumbnail","hentry","category-ciudad","category-sociedad-y-cultura-2"],"_links":{"self":[{"href":"https:\/\/vocesdebaires.com.ar\/index.php\/wp-json\/wp\/v2\/posts\/42541"}],"collection":[{"href":"https:\/\/vocesdebaires.com.ar\/index.php\/wp-json\/wp\/v2\/posts"}],"about":[{"href":"https:\/\/vocesdebaires.com.ar\/index.php\/wp-json\/wp\/v2\/types\/post"}],"author":[{"embeddable":true,"href":"https:\/\/vocesdebaires.com.ar\/index.php\/wp-json\/wp\/v2\/users\/3"}],"replies":[{"embeddable":true,"href":"https:\/\/vocesdebaires.com.ar\/index.php\/wp-json\/wp\/v2\/comments?post=42541"}],"version-history":[{"count":1,"href":"https:\/\/vocesdebaires.com.ar\/index.php\/wp-json\/wp\/v2\/posts\/42541\/revisions"}],"predecessor-version":[{"id":42543,"href":"https:\/\/vocesdebaires.com.ar\/index.php\/wp-json\/wp\/v2\/posts\/42541\/revisions\/42543"}],"wp:featuredmedia":[{"embeddable":true,"href":"https:\/\/vocesdebaires.com.ar\/index.php\/wp-json\/wp\/v2\/media\/42542"}],"wp:attachment":[{"href":"https:\/\/vocesdebaires.com.ar\/index.php\/wp-json\/wp\/v2\/media?parent=42541"}],"wp:term":[{"taxonomy":"category","embeddable":true,"href":"https:\/\/vocesdebaires.com.ar\/index.php\/wp-json\/wp\/v2\/categories?post=42541"},{"taxonomy":"post_tag","embeddable":true,"href":"https:\/\/vocesdebaires.com.ar\/index.php\/wp-json\/wp\/v2\/tags?post=42541"}],"curies":[{"name":"wp","href":"https:\/\/api.w.org\/{rel}","templated":true}]}}