{"id":42562,"date":"2023-02-14T00:00:10","date_gmt":"2023-02-14T03:00:10","guid":{"rendered":"https:\/\/vocesdebaires.com.ar\/?p=42562"},"modified":"2023-02-13T15:58:03","modified_gmt":"2023-02-13T18:58:03","slug":"fiba-2023se-acerca-una-nueva-edicion-del-festival-internacional","status":"publish","type":"post","link":"https:\/\/vocesdebaires.com.ar\/index.php\/2023\/02\/14\/fiba-2023se-acerca-una-nueva-edicion-del-festival-internacional\/","title":{"rendered":"FIBA 2023:Se acerca una nueva edici\u00f3n del Festival Internacional"},"content":{"rendered":"<p>Desde el viernes 24 de febrero al domingo 5 de marzo, llega la edici\u00f3n 2023 del Festival Internacional de Buenos Aires (FIBA), una de las citas culturales m\u00e1s importantes de la regi\u00f3n. Durante 10 d\u00edas, en 50 sedes, viviremos lo mejor del teatro, la m\u00fasica, la danza y las artes visuales, tanto de la escena local como extranjera, donde se presentar\u00e1n m\u00e1s de 1500 artistas en m\u00e1s de 300 eventos entre funciones y actividades.<\/p>\n<p>La programaci\u00f3n del festival se ve nutrida de un pu\u00f1ado de propuestas coproducidas y articuladas en conjunto con instituciones que fomentan el intercambio cultural entre el mundo y Argentina: Ciclo ITALIA XXI Producido por Teatro Coliseo e Instituto Italiano di Cultura, el Goethe Institut, el Institut fran\u00e7ais d&#8217;Argentine y la Embajada de Francia en Argentina, la Fundaci\u00f3n suiza para la cultura Pro Helvetia, el British Council, la Embajada de Canad\u00e1 en Argentina, el Centro Cultural de Espa\u00f1a en Buenos Aires, la Embajada de Brasil en Argentina, el Centro Cultural Coreano en Argentina, la Intendencia de Montevideo, el Gobierno de Nueva Zelanda, el Centro Cultural Matta y la Embajada de Chile en Argentina.<\/p>\n<p>Se presentar\u00e1n distintos proyectos que fueron realizados en coproducci\u00f3n con FIBA y tendr\u00e1n su estreno en esta edici\u00f3n. Entre ellos se destaca la primera coproducci\u00f3n de FIBA con una compa\u00f1\u00eda de una provincia (C\u00f3rdoba), y en coproducci\u00f3n con Chile, Uruguay, Espa\u00f1a y Dinamarca: La Sapo, la nueva pieza teatral del joven director cordob\u00e9s Ignacio Tamagno Adem\u00e1s, en el marco de Noche de C\u00fapulas, con curadur\u00eda de Ana Gorch, en esta oportunidad se presenta por primera vez \u201cIkebana beat o el mantra de las flores\u201d, con direcci\u00f3n de Vivi Tellas, en la c\u00fapula Edificio Argentino. Por \u00faltimo, te esperamos para el estreno de \u201cVendo Humo\u201d, con direcci\u00f3n de Juan Onofri Barbato, una pieza que, a trav\u00e9s de las experiencias del director, busca indagar sobre las tensiones y el sentido de lo esc\u00e9nico.<\/p>\n","protected":false},"excerpt":{"rendered":"<p>Desde el viernes 24 de febrero al domingo 5 de marzo, llega la edici\u00f3n 2023 del Festival Internacional de Buenos Aires (FIBA), una de las citas culturales m\u00e1s importantes de la regi\u00f3n. Durante 10 d\u00edas, en 50 sedes, viviremos lo mejor del teatro, la m\u00fasica, la danza y las artes visuales, tanto de la escena [&hellip;]<\/p>\n","protected":false},"author":2,"featured_media":42563,"comment_status":"open","ping_status":"open","sticky":false,"template":"","format":"standard","meta":{"_et_pb_use_builder":"","_et_pb_old_content":"","_et_gb_content_width":"","footnotes":""},"categories":[11,33],"tags":[],"class_list":["post-42562","post","type-post","status-publish","format-standard","has-post-thumbnail","hentry","category-ciudad","category-sociedad-y-cultura-2"],"_links":{"self":[{"href":"https:\/\/vocesdebaires.com.ar\/index.php\/wp-json\/wp\/v2\/posts\/42562"}],"collection":[{"href":"https:\/\/vocesdebaires.com.ar\/index.php\/wp-json\/wp\/v2\/posts"}],"about":[{"href":"https:\/\/vocesdebaires.com.ar\/index.php\/wp-json\/wp\/v2\/types\/post"}],"author":[{"embeddable":true,"href":"https:\/\/vocesdebaires.com.ar\/index.php\/wp-json\/wp\/v2\/users\/2"}],"replies":[{"embeddable":true,"href":"https:\/\/vocesdebaires.com.ar\/index.php\/wp-json\/wp\/v2\/comments?post=42562"}],"version-history":[{"count":1,"href":"https:\/\/vocesdebaires.com.ar\/index.php\/wp-json\/wp\/v2\/posts\/42562\/revisions"}],"predecessor-version":[{"id":42564,"href":"https:\/\/vocesdebaires.com.ar\/index.php\/wp-json\/wp\/v2\/posts\/42562\/revisions\/42564"}],"wp:featuredmedia":[{"embeddable":true,"href":"https:\/\/vocesdebaires.com.ar\/index.php\/wp-json\/wp\/v2\/media\/42563"}],"wp:attachment":[{"href":"https:\/\/vocesdebaires.com.ar\/index.php\/wp-json\/wp\/v2\/media?parent=42562"}],"wp:term":[{"taxonomy":"category","embeddable":true,"href":"https:\/\/vocesdebaires.com.ar\/index.php\/wp-json\/wp\/v2\/categories?post=42562"},{"taxonomy":"post_tag","embeddable":true,"href":"https:\/\/vocesdebaires.com.ar\/index.php\/wp-json\/wp\/v2\/tags?post=42562"}],"curies":[{"name":"wp","href":"https:\/\/api.w.org\/{rel}","templated":true}]}}