{"id":42568,"date":"2023-02-14T00:00:29","date_gmt":"2023-02-14T03:00:29","guid":{"rendered":"https:\/\/vocesdebaires.com.ar\/?p=42568"},"modified":"2023-02-13T16:05:23","modified_gmt":"2023-02-13T19:05:23","slug":"santilli-de-gira-por-nueve-municipios-de-la-cuarta-y-sexta-seccion","status":"publish","type":"post","link":"https:\/\/vocesdebaires.com.ar\/index.php\/2023\/02\/14\/santilli-de-gira-por-nueve-municipios-de-la-cuarta-y-sexta-seccion\/","title":{"rendered":"Santilli: De gira por nueve municipios de la cuarta y sexta secci\u00f3n"},"content":{"rendered":"<p>El diputado nacional de Juntos visit\u00f3 el pasado fin de semana ,Rivadavia, General Villegas, Florentino Ameghino, Lincoln, Adolfo Alsina, Guamin\u00ed, Salliquel\u00f3, Pellegrini y Trenque Lauquen. Estuvo en una granja, una aceitera, una empresa l\u00e1ctea, la Sociedad Rural y la zona del gasoducto que viene de Vaca Muerta. \u201cVoy a ser el Gobernador que acompa\u00f1e al sector productivo\u201d, afirm\u00f3. Diego Santilli contin\u00faa sus recorridas por la provincia de Buenos Aires y estuvo entre jueves y viernes en nueve municipios de la cuarta y sexta secci\u00f3n donde profundiz\u00f3 su enfoque productivista y reafirm\u00f3 su compromiso de ser el Gobernador que acompa\u00f1e y potencie ese sector.<\/p>\n<p>\u201cEn esta recorrida notamos que la Provincia quiere salir de la falta de gesti\u00f3n severa que hubo en los \u00faltimos tres a\u00f1os, con chicos que no aprenden, con la inseguridad que se ve en todos lados y con la problem\u00e1tica en el sector productivo, que sufre las inclemencias clim\u00e1ticas pero tambi\u00e9n la falta de rutas y planificaci\u00f3n del gobierno provincial\u201d, expres\u00f3 Santilli. \u201cPongamos la cabeza en la producci\u00f3n, en un mundo que necesita cosas que la Argentina tiene. Tenemos energ\u00eda, alimentos, actividad industrial y minerales, como el litio y el cobre. El turismo es otro de los aspectos que tenemos que motorizar\u201d, agreg\u00f3.<\/p>\n<p>En este sentido, el Colo visit\u00f3 la granja porcina de General Villegas que convierte los desechos de los cerdos en energ\u00eda y abastece a 16.000 vecinos de la zona. En Ameghino estuvo en la aceitera Blessing que es la empresa que brinda la mayor cantidad de puestos de trabajo de la zona. All\u00ed convers\u00f3 con sus representantes y trabajadores para interiorizarse de su funcionamiento y problem\u00e1ticas. Junto al Intendente de Salliquel\u00f3, Juan Miguel Nosetti, recorri\u00f3 las inmediaciones de la Planta de TGS y los lugares de la zona que fueron beneficiados econ\u00f3micamente por el impacto del gasoducto que viene de Vaca Muerta.<\/p>\n<p>En la localidad de Pellegrini, Santilli tambi\u00e9n puso el foco en el desarrollo productivo y primero particip\u00f3 de la mesa multisectorial junto a la Sociedad Rural para luego visitar y conversar con los responsables de la empresa l\u00e1ctea de la zona. La recorrida del Colo por la cuarta y sexta secci\u00f3n incluy\u00f3 tambi\u00e9n encuentros y charlas con vecinos, recorrida por las ruinas de Epecu\u00e9n en Guamin\u00ed, reuniones pol\u00edticas con intendentes, legisladores provinciales y concejales, y la asistencia, ayer por la noche, al reconocido carnaval de la ciudad de Lincoln.<\/p>\n<p>\u201cLlevo hechos m\u00e1s de 105 mil kil\u00f3metros desde la elecci\u00f3n de medio t\u00e9rmino en 2021. Sum\u00e9 compromisos con los intendentes para acompa\u00f1ar y poner el cuerpo, y lo voy a hacer. Este camino tiene que ser juntos: creo en la coalici\u00f3n de gobierno para construir un equipo que pueda llevar adelante todas las transformaciones y que la provincia de Buenos Aires tenga la mirada productiva que necesita y se merece\u201d, finaliz\u00f3 Santilli.<\/p>\n","protected":false},"excerpt":{"rendered":"<p>El diputado nacional de Juntos visit\u00f3 el pasado fin de semana ,Rivadavia, General Villegas, Florentino Ameghino, Lincoln, Adolfo Alsina, Guamin\u00ed, Salliquel\u00f3, Pellegrini y Trenque Lauquen. Estuvo en una granja, una aceitera, una empresa l\u00e1ctea, la Sociedad Rural y la zona del gasoducto que viene de Vaca Muerta. \u201cVoy a ser el Gobernador que acompa\u00f1e al [&hellip;]<\/p>\n","protected":false},"author":2,"featured_media":42569,"comment_status":"open","ping_status":"open","sticky":false,"template":"","format":"standard","meta":{"_et_pb_use_builder":"","_et_pb_old_content":"","_et_gb_content_width":"","footnotes":""},"categories":[34,13],"tags":[],"class_list":["post-42568","post","type-post","status-publish","format-standard","has-post-thumbnail","hentry","category-politica","category-provincia"],"_links":{"self":[{"href":"https:\/\/vocesdebaires.com.ar\/index.php\/wp-json\/wp\/v2\/posts\/42568"}],"collection":[{"href":"https:\/\/vocesdebaires.com.ar\/index.php\/wp-json\/wp\/v2\/posts"}],"about":[{"href":"https:\/\/vocesdebaires.com.ar\/index.php\/wp-json\/wp\/v2\/types\/post"}],"author":[{"embeddable":true,"href":"https:\/\/vocesdebaires.com.ar\/index.php\/wp-json\/wp\/v2\/users\/2"}],"replies":[{"embeddable":true,"href":"https:\/\/vocesdebaires.com.ar\/index.php\/wp-json\/wp\/v2\/comments?post=42568"}],"version-history":[{"count":1,"href":"https:\/\/vocesdebaires.com.ar\/index.php\/wp-json\/wp\/v2\/posts\/42568\/revisions"}],"predecessor-version":[{"id":42570,"href":"https:\/\/vocesdebaires.com.ar\/index.php\/wp-json\/wp\/v2\/posts\/42568\/revisions\/42570"}],"wp:featuredmedia":[{"embeddable":true,"href":"https:\/\/vocesdebaires.com.ar\/index.php\/wp-json\/wp\/v2\/media\/42569"}],"wp:attachment":[{"href":"https:\/\/vocesdebaires.com.ar\/index.php\/wp-json\/wp\/v2\/media?parent=42568"}],"wp:term":[{"taxonomy":"category","embeddable":true,"href":"https:\/\/vocesdebaires.com.ar\/index.php\/wp-json\/wp\/v2\/categories?post=42568"},{"taxonomy":"post_tag","embeddable":true,"href":"https:\/\/vocesdebaires.com.ar\/index.php\/wp-json\/wp\/v2\/tags?post=42568"}],"curies":[{"name":"wp","href":"https:\/\/api.w.org\/{rel}","templated":true}]}}