{"id":42571,"date":"2023-02-14T00:00:16","date_gmt":"2023-02-14T03:00:16","guid":{"rendered":"https:\/\/vocesdebaires.com.ar\/?p=42571"},"modified":"2023-02-13T16:09:36","modified_gmt":"2023-02-13T19:09:36","slug":"en-la-ciudadamia-a-129-anos-de-labor-social-y-comunitaria","status":"publish","type":"post","link":"https:\/\/vocesdebaires.com.ar\/index.php\/2023\/02\/14\/en-la-ciudadamia-a-129-anos-de-labor-social-y-comunitaria\/","title":{"rendered":"En la ciudad:AMIA a 129 a\u00f1os de labor social y comunitaria"},"content":{"rendered":"<p>AMIA, una de las organizaciones sociales m\u00e1s importantes del pa\u00eds y la entidad m\u00e1s grande de la comunidad jud\u00eda argentina, conmemora ma\u00f1ana su 129\u00b0 aniversario. La instituci\u00f3n fue fundada el 11 de febrero de 1894 por un grupo de inmigrantes de origen jud\u00edo, que llevaron adelante como primera acci\u00f3n la creaci\u00f3n de un cementerio comunitario. Los reci\u00e9n llegados a nuestro pa\u00eds pudieron cumplir as\u00ed con las tradiciones y costumbres milenarias vinculadas con el momento del fallecimiento de un ser querido. Con el correr del tiempo, los campos de acci\u00f3n de AMIA se multiplicaron, a medida que aumentaba la poblaci\u00f3n jud\u00eda, y se pusieron en marcha tambi\u00e9n programas abiertos para toda la sociedad.<\/p>\n<p>Bajo el lema \u201cTodos los d\u00edas reparando el mundo\u201d, y como organizaci\u00f3n destinada a promover acciones de bien p\u00fablico y garantizar derechos, AMIA impulsa e implementa proyectos solidarios para acompa\u00f1ar y brindar respuestas en el \u00e1mbito de la asistencia alimentaria, de salud, vivienda, ropa, apoyo escolar, y socializaci\u00f3n, entre otros muchos aspectos. Tambi\u00e9n se ocupa de la promoci\u00f3n del trabajo, a trav\u00e9s del Servicio de Empleo AMIA, una referencia nacional en temas de intermediaci\u00f3n laboral, y desarrolla decenas de iniciativas en el campo de la educaci\u00f3n, el arte, la cultura, la responsabilidad social empresaria, la integraci\u00f3n de personas con discapacidad, la promoci\u00f3n de los derechos de las personas mayores y de la infancia.<\/p>\n<p>\u201cTodos los programas que desarrollamos son creados desde una perspectiva profesional e interdisciplinaria basada en la promoci\u00f3n y el respeto por los derechos sociales, y con garantizar la continuidad comunitaria\u201d, se\u00f1ala Amos Linetzky, presidente de la instituci\u00f3n. \u201cPor su modelo de gesti\u00f3n y funcionamiento, AMIA ha sido reconocida en diferentes instancias. El a\u00f1o pasado, por ejemplo, gan\u00f3 una menci\u00f3n a la excelencia en el Premio Nacional a la Calidad 2021\u201d, record\u00f3 Linetzky.<\/p>\n<p>Conocida popularmente como la \u201cinstituci\u00f3n madre\u201d y centro de la vida comunitaria organizada, AMIA fue la matriz generadora de importantes iniciativas como el Consejo Central de Educaci\u00f3n Jud\u00eda y la Federaci\u00f3n de Comunidades Jud\u00edas de la Argentina, y la Fundaci\u00f3n Tzedak\u00e1, entre otras. A su prop\u00f3sito fundacional de trabajar para lograr la inclusi\u00f3n social, AMIA sum\u00f3 como pilares esenciales de su labor al reclamo de justicia y la preservaci\u00f3n de la memoria.<\/p>\n<p>A partir de haber sido blanco directo\u00a0 el 18 de julio de 1994 del accionar del terrorismo internacional, cada a\u00f1o la instituci\u00f3n despliega iniciativas para combatir el olvido y denunciar la impunidad. Como se sabe, la direcci\u00f3n Pasteur 633 qued\u00f3 grabada en la memoria de todos, despu\u00e9s del atentado terrorista que dej\u00f3 el doloroso saldo de 85 personas asesinadas y m\u00e1s de 300 heridas. AMIA decidi\u00f3 renacer con m\u00e1s fuerzas y volver a levantarse en ese mismo lugar, como una manera de demostrar que el terrorismo no pudo vencer y que la vida es el valor supremo para honrar en cada una de las acciones.<\/p>\n","protected":false},"excerpt":{"rendered":"<p>AMIA, una de las organizaciones sociales m\u00e1s importantes del pa\u00eds y la entidad m\u00e1s grande de la comunidad jud\u00eda argentina, conmemora ma\u00f1ana su 129\u00b0 aniversario. La instituci\u00f3n fue fundada el 11 de febrero de 1894 por un grupo de inmigrantes de origen jud\u00edo, que llevaron adelante como primera acci\u00f3n la creaci\u00f3n de un cementerio comunitario. [&hellip;]<\/p>\n","protected":false},"author":2,"featured_media":42572,"comment_status":"open","ping_status":"open","sticky":false,"template":"","format":"standard","meta":{"_et_pb_use_builder":"","_et_pb_old_content":"","_et_gb_content_width":"","footnotes":""},"categories":[11,33],"tags":[],"class_list":["post-42571","post","type-post","status-publish","format-standard","has-post-thumbnail","hentry","category-ciudad","category-sociedad-y-cultura-2"],"_links":{"self":[{"href":"https:\/\/vocesdebaires.com.ar\/index.php\/wp-json\/wp\/v2\/posts\/42571"}],"collection":[{"href":"https:\/\/vocesdebaires.com.ar\/index.php\/wp-json\/wp\/v2\/posts"}],"about":[{"href":"https:\/\/vocesdebaires.com.ar\/index.php\/wp-json\/wp\/v2\/types\/post"}],"author":[{"embeddable":true,"href":"https:\/\/vocesdebaires.com.ar\/index.php\/wp-json\/wp\/v2\/users\/2"}],"replies":[{"embeddable":true,"href":"https:\/\/vocesdebaires.com.ar\/index.php\/wp-json\/wp\/v2\/comments?post=42571"}],"version-history":[{"count":1,"href":"https:\/\/vocesdebaires.com.ar\/index.php\/wp-json\/wp\/v2\/posts\/42571\/revisions"}],"predecessor-version":[{"id":42573,"href":"https:\/\/vocesdebaires.com.ar\/index.php\/wp-json\/wp\/v2\/posts\/42571\/revisions\/42573"}],"wp:featuredmedia":[{"embeddable":true,"href":"https:\/\/vocesdebaires.com.ar\/index.php\/wp-json\/wp\/v2\/media\/42572"}],"wp:attachment":[{"href":"https:\/\/vocesdebaires.com.ar\/index.php\/wp-json\/wp\/v2\/media?parent=42571"}],"wp:term":[{"taxonomy":"category","embeddable":true,"href":"https:\/\/vocesdebaires.com.ar\/index.php\/wp-json\/wp\/v2\/categories?post=42571"},{"taxonomy":"post_tag","embeddable":true,"href":"https:\/\/vocesdebaires.com.ar\/index.php\/wp-json\/wp\/v2\/tags?post=42571"}],"curies":[{"name":"wp","href":"https:\/\/api.w.org\/{rel}","templated":true}]}}