{"id":42585,"date":"2023-02-15T00:00:56","date_gmt":"2023-02-15T03:00:56","guid":{"rendered":"https:\/\/vocesdebaires.com.ar\/?p=42585"},"modified":"2023-02-15T01:13:15","modified_gmt":"2023-02-15T04:13:15","slug":"ciclo-de-cine-y-literatura-en-homenaje-a-la-escritora-beatriz-guido","status":"publish","type":"post","link":"https:\/\/vocesdebaires.com.ar\/index.php\/2023\/02\/15\/ciclo-de-cine-y-literatura-en-homenaje-a-la-escritora-beatriz-guido\/","title":{"rendered":"Ciclo de cine y literatura en homenaje a la escritora Beatriz Guido"},"content":{"rendered":"<p>La Red de Bibliotecas contin\u00faa acerc\u00e1ndote novedosas propuestas literarias para disfrutar el verano: Querida Beatriz es un ciclo homenaje a la escritora y guionista Beatriz Guido, que analiza los puentes creativos de la autora a trav\u00e9s de la mirada de referentes de distintas ramas de la cultura.Luego de cada charla, se proyectar\u00e1n pel\u00edculas basadas en obras literarias de la escritora, en las cuales tambi\u00e9n participa como guionista. Te esperamos todos los s\u00e1bados de febrero, a las 19.30 h., en la Biblioteca Ricardo G\u00fciraldes. Los encuentros son gratuitos y con inscripci\u00f3n previa, anotate a trav\u00e9s del portal de inscripciones:https:\/\/portalinscripciones.scp.buenosaires.gob.ar\/#\/actividades\/5\/?centro=336<\/p>\n","protected":false},"excerpt":{"rendered":"<p>La Red de Bibliotecas contin\u00faa acerc\u00e1ndote novedosas propuestas literarias para disfrutar el verano: Querida Beatriz es un ciclo homenaje a la escritora y guionista Beatriz Guido, que analiza los puentes creativos de la autora a trav\u00e9s de la mirada de referentes de distintas ramas de la cultura.Luego de cada charla, se proyectar\u00e1n pel\u00edculas basadas en [&hellip;]<\/p>\n","protected":false},"author":2,"featured_media":42586,"comment_status":"open","ping_status":"open","sticky":false,"template":"","format":"standard","meta":{"_et_pb_use_builder":"","_et_pb_old_content":"","_et_gb_content_width":"","footnotes":""},"categories":[11,33],"tags":[],"class_list":["post-42585","post","type-post","status-publish","format-standard","has-post-thumbnail","hentry","category-ciudad","category-sociedad-y-cultura-2"],"_links":{"self":[{"href":"https:\/\/vocesdebaires.com.ar\/index.php\/wp-json\/wp\/v2\/posts\/42585"}],"collection":[{"href":"https:\/\/vocesdebaires.com.ar\/index.php\/wp-json\/wp\/v2\/posts"}],"about":[{"href":"https:\/\/vocesdebaires.com.ar\/index.php\/wp-json\/wp\/v2\/types\/post"}],"author":[{"embeddable":true,"href":"https:\/\/vocesdebaires.com.ar\/index.php\/wp-json\/wp\/v2\/users\/2"}],"replies":[{"embeddable":true,"href":"https:\/\/vocesdebaires.com.ar\/index.php\/wp-json\/wp\/v2\/comments?post=42585"}],"version-history":[{"count":1,"href":"https:\/\/vocesdebaires.com.ar\/index.php\/wp-json\/wp\/v2\/posts\/42585\/revisions"}],"predecessor-version":[{"id":42587,"href":"https:\/\/vocesdebaires.com.ar\/index.php\/wp-json\/wp\/v2\/posts\/42585\/revisions\/42587"}],"wp:featuredmedia":[{"embeddable":true,"href":"https:\/\/vocesdebaires.com.ar\/index.php\/wp-json\/wp\/v2\/media\/42586"}],"wp:attachment":[{"href":"https:\/\/vocesdebaires.com.ar\/index.php\/wp-json\/wp\/v2\/media?parent=42585"}],"wp:term":[{"taxonomy":"category","embeddable":true,"href":"https:\/\/vocesdebaires.com.ar\/index.php\/wp-json\/wp\/v2\/categories?post=42585"},{"taxonomy":"post_tag","embeddable":true,"href":"https:\/\/vocesdebaires.com.ar\/index.php\/wp-json\/wp\/v2\/tags?post=42585"}],"curies":[{"name":"wp","href":"https:\/\/api.w.org\/{rel}","templated":true}]}}