{"id":42591,"date":"2023-02-15T00:00:40","date_gmt":"2023-02-15T03:00:40","guid":{"rendered":"https:\/\/vocesdebaires.com.ar\/?p=42591"},"modified":"2023-02-14T17:36:28","modified_gmt":"2023-02-14T20:36:28","slug":"centro-cultural-recoleta-larreta-se-reunio-con-un-grupo-de-empresarios","status":"publish","type":"post","link":"https:\/\/vocesdebaires.com.ar\/index.php\/2023\/02\/15\/centro-cultural-recoleta-larreta-se-reunio-con-un-grupo-de-empresarios\/","title":{"rendered":"Centro Cultural Recoleta: Larreta, se reuni\u00f3 con un grupo de empresarios"},"content":{"rendered":"<p>El jefe de Gobierno porte\u00f1o, Horacio Rodr\u00edguez Larreta, se reuni\u00f3 el pasado lunes en el Centro Cultural Recoleta con un grupo de empresarios y desarrolladores especializados en tecnolog\u00eda. Tambi\u00e9n participaron del encuentro el titular de la Secretar\u00eda de Asuntos Estrat\u00e9gicos de la Ciudad, Mart\u00edn Redrado, y el secretario de Innovaci\u00f3n y Transformaci\u00f3n Digital, Diego Fern\u00e1ndez. Rodr\u00edguez Larreta remarc\u00f3 \u201cla importancia que tiene este mercado\u201d a la hora de generar oportunidades laborales para la Ciudad y tambi\u00e9n reforz\u00f3 la idea de que desde el Gobierno \u201cse puede impulsar y acompa\u00f1ar la formaci\u00f3n de nuevos talentos\u201d.<\/p>\n<p>\u201cUstedes son un faro de esperanza para todos los argentinos. Porque con sus empresas innovadoras generan oportunidades de progreso para la gente. La Ciudad quiere facilitar las condiciones para que las empresas puedan generar los empleos del futuro\u201d, plante\u00f3 Rodr\u00edguez Larreta. Redrado, en tanto, agreg\u00f3: \u201cLa industria argentina de la innovaci\u00f3n est\u00e1 en condiciones de invertir y exportar. S\u00f3lo necesita pol\u00edticas publicas predecibles\u201d. Los emprendedores del mundo de la tecnolog\u00eda que asistieron lideran proyectos de capacitaci\u00f3n, blockchain y deep tech, tokenizacion de activos, inteligencia artificial, y ciencia de datos.<\/p>\n<p>Compartieron su experiencia fundando y liderando iniciativas en el mundo digital. Hablaron, entre otros temas, de las grandes oportunidades que tiene la Argentina en la industria del conocimiento y los problemas que es fundamental solucionar para poder aprovechar al m\u00e1ximo esas oportunidades. \u201cEncuentros de este tipo nos permiten conocer la experiencia de grandes actores de la industria del conocimiento, intercambiar ideas e identificar nuevas oportunidades para continuar con la incorporaci\u00f3n de tecnolog\u00eda en los procesos del Gobierno de la Ciudad\u201d, sostuvo Fern\u00e1ndez.<\/p>\n<p><strong>Estuvieron presentes:<\/strong><br \/>\nNoelia Aguirre: especialista en neurociencia cognitiva y data science. Lanz\u00f3 una iniciativa para achicar brechas de g\u00e9nero en el aprendizaje y trabajo de mujeres en carreras STEM.\u00a0 Mariano Wechsler: cre\u00f3 Teamcubation y es Co Founder de Digbang y Digitalhouse. Es parte de la comisi\u00f3n directiva de ORT Argentina. Eduardo Novillo Astrada: cofundador de Agro Token, una plataforma global de tokenizaci\u00f3n de commodities agr\u00edcolas. Cuenta con 80 empleados. Diego Guti\u00e9rrez Zaldivar: pionero del desarrollo de la Web en Latinoam\u00e9rica desde 1995. Fund\u00f3 m\u00faltiples plataformas y ONG: Clar\u00edn Digital, Internet Argentina, Bitcoin Argentina y Latinoam\u00e9rica, entre otras.<\/p>\n<p>Foto:Macarena Bultri \/ GCBA<\/p>\n","protected":false},"excerpt":{"rendered":"<p>El jefe de Gobierno porte\u00f1o, Horacio Rodr\u00edguez Larreta, se reuni\u00f3 el pasado lunes en el Centro Cultural Recoleta con un grupo de empresarios y desarrolladores especializados en tecnolog\u00eda. Tambi\u00e9n participaron del encuentro el titular de la Secretar\u00eda de Asuntos Estrat\u00e9gicos de la Ciudad, Mart\u00edn Redrado, y el secretario de Innovaci\u00f3n y Transformaci\u00f3n Digital, Diego Fern\u00e1ndez. [&hellip;]<\/p>\n","protected":false},"author":2,"featured_media":42592,"comment_status":"open","ping_status":"open","sticky":false,"template":"","format":"standard","meta":{"_et_pb_use_builder":"","_et_pb_old_content":"","_et_gb_content_width":"","footnotes":""},"categories":[11,33],"tags":[],"class_list":["post-42591","post","type-post","status-publish","format-standard","has-post-thumbnail","hentry","category-ciudad","category-sociedad-y-cultura-2"],"_links":{"self":[{"href":"https:\/\/vocesdebaires.com.ar\/index.php\/wp-json\/wp\/v2\/posts\/42591"}],"collection":[{"href":"https:\/\/vocesdebaires.com.ar\/index.php\/wp-json\/wp\/v2\/posts"}],"about":[{"href":"https:\/\/vocesdebaires.com.ar\/index.php\/wp-json\/wp\/v2\/types\/post"}],"author":[{"embeddable":true,"href":"https:\/\/vocesdebaires.com.ar\/index.php\/wp-json\/wp\/v2\/users\/2"}],"replies":[{"embeddable":true,"href":"https:\/\/vocesdebaires.com.ar\/index.php\/wp-json\/wp\/v2\/comments?post=42591"}],"version-history":[{"count":1,"href":"https:\/\/vocesdebaires.com.ar\/index.php\/wp-json\/wp\/v2\/posts\/42591\/revisions"}],"predecessor-version":[{"id":42593,"href":"https:\/\/vocesdebaires.com.ar\/index.php\/wp-json\/wp\/v2\/posts\/42591\/revisions\/42593"}],"wp:featuredmedia":[{"embeddable":true,"href":"https:\/\/vocesdebaires.com.ar\/index.php\/wp-json\/wp\/v2\/media\/42592"}],"wp:attachment":[{"href":"https:\/\/vocesdebaires.com.ar\/index.php\/wp-json\/wp\/v2\/media?parent=42591"}],"wp:term":[{"taxonomy":"category","embeddable":true,"href":"https:\/\/vocesdebaires.com.ar\/index.php\/wp-json\/wp\/v2\/categories?post=42591"},{"taxonomy":"post_tag","embeddable":true,"href":"https:\/\/vocesdebaires.com.ar\/index.php\/wp-json\/wp\/v2\/tags?post=42591"}],"curies":[{"name":"wp","href":"https:\/\/api.w.org\/{rel}","templated":true}]}}