{"id":42594,"date":"2023-02-15T00:00:20","date_gmt":"2023-02-15T03:00:20","guid":{"rendered":"https:\/\/vocesdebaires.com.ar\/?p=42594"},"modified":"2023-02-14T17:41:27","modified_gmt":"2023-02-14T20:41:27","slug":"amiala-experiencia-de-las-personas-mayores-en-jofesh-verano","status":"publish","type":"post","link":"https:\/\/vocesdebaires.com.ar\/index.php\/2023\/02\/15\/amiala-experiencia-de-las-personas-mayores-en-jofesh-verano\/","title":{"rendered":"AMIA:La experiencia de las personas mayores en \u00abJofesh Verano\u00bb"},"content":{"rendered":"<p>Hasta el 16 de febrero, el \u00e1rea de Personas Mayores de AMIA lleva adelante la edici\u00f3n \u201cJofesh verano\u201d, la propuesta para personas de m\u00e1s de 60 a\u00f1os que tiene lugar los martes y jueves en la sede de la localidad de Tigre del Club Hacoaj. Con gran concurrencia, el programa forma parte de las iniciativas que la entidad desarrolla para que la gente pueda sentirse activa y saludable, al compartir espacios de integraci\u00f3n y socializaci\u00f3n con sus pares.<\/p>\n<p>Los participantes de \u201cJofesh Verano\u201d encuentran propuestas con diferentes actividades para hacer en los espacios verdes y en la pileta del lugar, que est\u00e1n a cargo de un equipo de profesionales que acompa\u00f1a a las personas en el transcurso de la jornada. Los asistentes describieron como \u201cfabulosa\u201d la propuesta pensada para este verano. \u201cDisfruto mucho de estar al aire libre y compartir esta experiencia con gente conocida. Las profesoras son encantadoras\u201d, expres\u00f3 Ana Aronson, quien desde hace seis a\u00f1os asiste al Centro de D\u00eda de AMIA.<\/p>\n<p>Al hablar de la felicidad que le genera participar de actividades rodeada de su grupo de amigos, Ana mostr\u00f3 su predilecci\u00f3n por las clases de baile y movimiento que forman parte de la grilla de opciones de \u201cJofesh Verano\u201d. \u201cHace unos a\u00f1os, me enter\u00e9 de la propuesta a trav\u00e9s del programa de Shalom AMIA. Al d\u00eda siguiente, fui a inscribirme. Me recibieron tan bien en el Centro Integral de Personas Mayores que nunca m\u00e1s me fui\u201d, agreg\u00f3.<\/p>\n<p>Por su parte, \u00c1ngela Boyko es la primera vez que participa de \u201cJofesh verano\u201d. \u201cNo tengo palabras para describir lo que siento. Hab\u00eda buscado informaci\u00f3n sobre la propuesta, pero una cosa es verlo en fotos, y otra cosa es vivirlo. Es m\u00e1s de lo que me esperaba. Nos tratan muy bien. Por todo esto, me siento muy agradecida\u201d, remarc\u00f3.<\/p>\n<p>Oscar Blasberg ingres\u00f3 a \u201cJofesh\u201d hace siete meses, gracias a que su hijo le inform\u00f3 acerca del proyecto. \u201cEstoy muy contento con la propuesta. Me gusta la pileta y participar de las actividades art\u00edsticas\u201d, destac\u00f3. \u201cMe integr\u00e9 muy bien al grupo y no me pierdo nada. Adem\u00e1s, cuando empec\u00e9 a ir a AMIA, me reencontr\u00e9 con un amigo de la infancia. Estoy feliz, me siento en familia\u201d, asegur\u00f3.<\/p>\n<p>Tambi\u00e9n comparti\u00f3 sus sensaciones sobre \u201cJofesh Verano\u201d, Luisa Apelbaum, quien hace cuatro a\u00f1os concurre a las actividades de AMIA para personas mayores. \u201cEstar al aire libre y estar con mis pares es una combinaci\u00f3n perfecta. Este espacio me llena de energ\u00eda y de vida. Disfruto mucho de las actividades en el agua y mi taller preferido es el de gimnasia que hacemos en la pileta\u201d, afirm\u00f3.<\/p>\n<p><strong>Promover la calidad de vida:<\/strong><br \/>\nEl \u00e1rea de Personas Mayores de AMIA trabaja a diario para dar respuestas a los desaf\u00edos que conlleva el envejecimiento de la poblaci\u00f3n. Lograr que las personas vivan esta etapa de manera activa y saludable, y que cuenten con recursos para que puedan adaptarse adecuadamente a nuevos y distintos escenarios, son dos objetivos centrales de la tarea que se desarrolla.<\/p>\n<p>El Centro de Atenci\u00f3n Integral para Personas Mayores \u201cJofesh\u201d es un referente en la regi\u00f3n en t\u00e9rminos de atenci\u00f3n gerontol\u00f3gica profesional e integral. Cada semana, en su sede de la calle Uriburu 650, el \u00e1rea ofrece una grilla de m\u00e1s de 30 talleres y actividades especiales pensadas para satisfacer las preferencias, intereses y necesidades del p\u00fablico destinatario. Desde el Centro de D\u00eda informaron que la participaci\u00f3n a las actividades requiere inscripci\u00f3n previa y los canales de contacto son por tel\u00e9fono al 4959-8815 o por mail a personasmayores@amia.org.ar<\/p>\n","protected":false},"excerpt":{"rendered":"<p>Hasta el 16 de febrero, el \u00e1rea de Personas Mayores de AMIA lleva adelante la edici\u00f3n \u201cJofesh verano\u201d, la propuesta para personas de m\u00e1s de 60 a\u00f1os que tiene lugar los martes y jueves en la sede de la localidad de Tigre del Club Hacoaj. Con gran concurrencia, el programa forma parte de las iniciativas [&hellip;]<\/p>\n","protected":false},"author":2,"featured_media":42595,"comment_status":"open","ping_status":"open","sticky":false,"template":"","format":"standard","meta":{"_et_pb_use_builder":"","_et_pb_old_content":"","_et_gb_content_width":"","footnotes":""},"categories":[11,33],"tags":[],"class_list":["post-42594","post","type-post","status-publish","format-standard","has-post-thumbnail","hentry","category-ciudad","category-sociedad-y-cultura-2"],"_links":{"self":[{"href":"https:\/\/vocesdebaires.com.ar\/index.php\/wp-json\/wp\/v2\/posts\/42594"}],"collection":[{"href":"https:\/\/vocesdebaires.com.ar\/index.php\/wp-json\/wp\/v2\/posts"}],"about":[{"href":"https:\/\/vocesdebaires.com.ar\/index.php\/wp-json\/wp\/v2\/types\/post"}],"author":[{"embeddable":true,"href":"https:\/\/vocesdebaires.com.ar\/index.php\/wp-json\/wp\/v2\/users\/2"}],"replies":[{"embeddable":true,"href":"https:\/\/vocesdebaires.com.ar\/index.php\/wp-json\/wp\/v2\/comments?post=42594"}],"version-history":[{"count":1,"href":"https:\/\/vocesdebaires.com.ar\/index.php\/wp-json\/wp\/v2\/posts\/42594\/revisions"}],"predecessor-version":[{"id":42596,"href":"https:\/\/vocesdebaires.com.ar\/index.php\/wp-json\/wp\/v2\/posts\/42594\/revisions\/42596"}],"wp:featuredmedia":[{"embeddable":true,"href":"https:\/\/vocesdebaires.com.ar\/index.php\/wp-json\/wp\/v2\/media\/42595"}],"wp:attachment":[{"href":"https:\/\/vocesdebaires.com.ar\/index.php\/wp-json\/wp\/v2\/media?parent=42594"}],"wp:term":[{"taxonomy":"category","embeddable":true,"href":"https:\/\/vocesdebaires.com.ar\/index.php\/wp-json\/wp\/v2\/categories?post=42594"},{"taxonomy":"post_tag","embeddable":true,"href":"https:\/\/vocesdebaires.com.ar\/index.php\/wp-json\/wp\/v2\/tags?post=42594"}],"curies":[{"name":"wp","href":"https:\/\/api.w.org\/{rel}","templated":true}]}}