{"id":42606,"date":"2023-02-17T00:00:32","date_gmt":"2023-02-17T03:00:32","guid":{"rendered":"https:\/\/vocesdebaires.com.ar\/?p=42606"},"modified":"2023-02-16T22:16:54","modified_gmt":"2023-02-17T01:16:54","slug":"la-orquesta-estable-del-colon-y-los-70-anos-del-anfi-juntos","status":"publish","type":"post","link":"https:\/\/vocesdebaires.com.ar\/index.php\/2023\/02\/17\/la-orquesta-estable-del-colon-y-los-70-anos-del-anfi-juntos\/","title":{"rendered":"La Orquesta Estable del Col\u00f3n y los 70 a\u00f1os del Anfi juntos"},"content":{"rendered":"<p>La Orquesta Estable del Teatro Col\u00f3n es parte de las celebraciones en el marco de los 70 a\u00f1os del Anfi, con la direcci\u00f3n musical del maestro Silvio Viegas. Va a tener lugar el viernes 17 de febrero a las 20h, con entrada libre y gratuita hasta agotar capacidad de un espect\u00e1culo cargado de m\u00fasica de academia. La Orquesta Estable del Col\u00f3n, es parte del ciclo Col\u00f3n en la Ciudad.<\/p>\n<p>Es una de las agrupaciones sinf\u00f3nicas m\u00e1s antiguas de nuestro pa\u00eds. Fue creada en 1925 por la Municipalidad de la Ciudad Aut\u00f3noma de Buenos Aires, junto al Coro y el Ballet estables, ante la necesidad de contar con una agrupaci\u00f3n instrumental propia del Teatro Col\u00f3n. Deb\u00eda tener como misi\u00f3n esencial la interpretaci\u00f3n musical de las \u00f3peras y ballets de la temporada y la realizaci\u00f3n de conciertos.<\/p>\n<p><strong>Programa:<\/strong><br \/>\n<strong>Giuseppe Verdi (1813-1901)<\/strong><br \/>\n<strong>Obertura de I Vespri Siciliani<\/strong><\/p>\n<p><strong>Piotr I. Tchaikovsky (1840-1893)<\/strong><br \/>\n<strong>Suite de La Bella Durmiente<\/strong><br \/>\n<strong>I Introducci\u00f3n<\/strong><br \/>\n<strong>II Adagio<\/strong><br \/>\n<strong>III El gato con botas y el gato blanco<\/strong><br \/>\n<strong>IV Panorama<\/strong><br \/>\n<strong>V Vals<\/strong><\/p>\n<p><strong>Ant\u00f4nio Carlos Gomes (1836-1896)<\/strong><br \/>\n<strong>Obertura de Il\u00a0 Guarany<\/strong><\/p>\n<p><strong>Franz Liszt (1811-1886)<\/strong><br \/>\n<strong>Los Preludios<\/strong><\/p>\n","protected":false},"excerpt":{"rendered":"<p>La Orquesta Estable del Teatro Col\u00f3n es parte de las celebraciones en el marco de los 70 a\u00f1os del Anfi, con la direcci\u00f3n musical del maestro Silvio Viegas. Va a tener lugar el viernes 17 de febrero a las 20h, con entrada libre y gratuita hasta agotar capacidad de un espect\u00e1culo cargado de m\u00fasica de [&hellip;]<\/p>\n","protected":false},"author":3,"featured_media":42607,"comment_status":"open","ping_status":"open","sticky":false,"template":"","format":"standard","meta":{"_et_pb_use_builder":"","_et_pb_old_content":"","_et_gb_content_width":"","footnotes":""},"categories":[11,33],"tags":[],"class_list":["post-42606","post","type-post","status-publish","format-standard","has-post-thumbnail","hentry","category-ciudad","category-sociedad-y-cultura-2"],"_links":{"self":[{"href":"https:\/\/vocesdebaires.com.ar\/index.php\/wp-json\/wp\/v2\/posts\/42606"}],"collection":[{"href":"https:\/\/vocesdebaires.com.ar\/index.php\/wp-json\/wp\/v2\/posts"}],"about":[{"href":"https:\/\/vocesdebaires.com.ar\/index.php\/wp-json\/wp\/v2\/types\/post"}],"author":[{"embeddable":true,"href":"https:\/\/vocesdebaires.com.ar\/index.php\/wp-json\/wp\/v2\/users\/3"}],"replies":[{"embeddable":true,"href":"https:\/\/vocesdebaires.com.ar\/index.php\/wp-json\/wp\/v2\/comments?post=42606"}],"version-history":[{"count":1,"href":"https:\/\/vocesdebaires.com.ar\/index.php\/wp-json\/wp\/v2\/posts\/42606\/revisions"}],"predecessor-version":[{"id":42608,"href":"https:\/\/vocesdebaires.com.ar\/index.php\/wp-json\/wp\/v2\/posts\/42606\/revisions\/42608"}],"wp:featuredmedia":[{"embeddable":true,"href":"https:\/\/vocesdebaires.com.ar\/index.php\/wp-json\/wp\/v2\/media\/42607"}],"wp:attachment":[{"href":"https:\/\/vocesdebaires.com.ar\/index.php\/wp-json\/wp\/v2\/media?parent=42606"}],"wp:term":[{"taxonomy":"category","embeddable":true,"href":"https:\/\/vocesdebaires.com.ar\/index.php\/wp-json\/wp\/v2\/categories?post=42606"},{"taxonomy":"post_tag","embeddable":true,"href":"https:\/\/vocesdebaires.com.ar\/index.php\/wp-json\/wp\/v2\/tags?post=42606"}],"curies":[{"name":"wp","href":"https:\/\/api.w.org\/{rel}","templated":true}]}}