{"id":42612,"date":"2023-02-17T00:00:32","date_gmt":"2023-02-17T03:00:32","guid":{"rendered":"https:\/\/vocesdebaires.com.ar\/?p=42612"},"modified":"2023-02-16T22:27:25","modified_gmt":"2023-02-17T01:27:25","slug":"larreta-anuncio-el-apoyo-a-12-proyectos-audiovisuales","status":"publish","type":"post","link":"https:\/\/vocesdebaires.com.ar\/index.php\/2023\/02\/17\/larreta-anuncio-el-apoyo-a-12-proyectos-audiovisuales\/","title":{"rendered":"Larreta anunci\u00f3 el apoyo a 12 proyectos audiovisuales"},"content":{"rendered":"<p>El jefe de Gobierno porte\u00f1o, Horacio Rodr\u00edguez Larreta, present\u00f3 los 12 proyectos seleccionados en el marco de BA Producci\u00f3n Internacional (BA Cash Rebate), la iniciativa que otorga una devoluci\u00f3n de hasta un 20% de los gastos a producciones audiovisuales nacionales realizadas con inversi\u00f3n internacional cuyos rodajes se hagan en la Ciudad.<\/p>\n<p>Tambi\u00e9n participaron de la actividad el ministro de Cultura porte\u00f1o, Enrique Avogadro; el secretario General y Relaciones Internacionales, Fernando Straface; el ministro de Desarrollo Econ\u00f3mico y Producci\u00f3n, Jos\u00e9 Luis Giusti; el secretario de Asuntos Estrat\u00e9gicos, Mart\u00edn Redrado; y la directora general de Desarrollo Cultural y Creativo, Mora Scillam\u00e1.<\/p>\n<p>\u201cComprometimos un plazo y ac\u00e1 estamos. Nosotros somos de llevar a la pr\u00e1ctica las buenas ideas que tenemos y este es un buen ejemplo, porque concretamos lo que dijimos. Es un golazo para Buenos Aires, primero porque con esta propuesta llegamos al mundo entero y segundo porque genera mucho trabajo de alto valor agregado. Son los trabajos que uno quiere para su pa\u00eds y para su ciudad. Desde todo punto de vista es una industria a la que vamos a seguir apostando\u201d, resalt\u00f3 Rodr\u00edguez Larreta.<\/p>\n<p>La convocatoria del Ministerio de Cultura, a trav\u00e9s de la Buenos Aires Film Commission (BAFC), perteneciente a la plataforma Impulso Cultural, estuvo abierta desde el 1\u00b0 hasta el 31 de octubre de 2022. Se trata de un programa destinado a generar empleo, tanto en la industria audiovisual como en sectores asociados, y a visibilizar a Buenos Aires a nivel internacional como punto de atracci\u00f3n tur\u00edstica.<\/p>\n<p>BA Producci\u00f3n Internacional tuvo su presentaci\u00f3n en mayo de 2022 en el Teatro Col\u00f3n en un evento en el que participaron miembros de la industria local. A trav\u00e9s de reuniones y de un intercambio activo con m\u00e1s de 30 productoras y asociaciones del pa\u00eds, se trabajaron aspectos para acordar las Bases y Condiciones de la convocatoria.<\/p>\n<p>Esta primera edici\u00f3n supone un incentivo de m\u00e1s de 770 millones de pesos e implica un impacto estimativo en 1.400 puestos de trabajo en la industria audiovisual y sectores asociados, como gastronom\u00eda, hoteler\u00eda y turismo, a lo que se sumar\u00e1n m\u00e1s de 130 profesionales internacionales que realizar\u00e1n trabajos en la Ciudad.<\/p>\n<p>Foto: GCBA<\/p>\n","protected":false},"excerpt":{"rendered":"<p>El jefe de Gobierno porte\u00f1o, Horacio Rodr\u00edguez Larreta, present\u00f3 los 12 proyectos seleccionados en el marco de BA Producci\u00f3n Internacional (BA Cash Rebate), la iniciativa que otorga una devoluci\u00f3n de hasta un 20% de los gastos a producciones audiovisuales nacionales realizadas con inversi\u00f3n internacional cuyos rodajes se hagan en la Ciudad. Tambi\u00e9n participaron de la [&hellip;]<\/p>\n","protected":false},"author":3,"featured_media":42613,"comment_status":"open","ping_status":"open","sticky":false,"template":"","format":"standard","meta":{"_et_pb_use_builder":"","_et_pb_old_content":"","_et_gb_content_width":"","footnotes":""},"categories":[11,33],"tags":[],"class_list":["post-42612","post","type-post","status-publish","format-standard","has-post-thumbnail","hentry","category-ciudad","category-sociedad-y-cultura-2"],"_links":{"self":[{"href":"https:\/\/vocesdebaires.com.ar\/index.php\/wp-json\/wp\/v2\/posts\/42612"}],"collection":[{"href":"https:\/\/vocesdebaires.com.ar\/index.php\/wp-json\/wp\/v2\/posts"}],"about":[{"href":"https:\/\/vocesdebaires.com.ar\/index.php\/wp-json\/wp\/v2\/types\/post"}],"author":[{"embeddable":true,"href":"https:\/\/vocesdebaires.com.ar\/index.php\/wp-json\/wp\/v2\/users\/3"}],"replies":[{"embeddable":true,"href":"https:\/\/vocesdebaires.com.ar\/index.php\/wp-json\/wp\/v2\/comments?post=42612"}],"version-history":[{"count":1,"href":"https:\/\/vocesdebaires.com.ar\/index.php\/wp-json\/wp\/v2\/posts\/42612\/revisions"}],"predecessor-version":[{"id":42614,"href":"https:\/\/vocesdebaires.com.ar\/index.php\/wp-json\/wp\/v2\/posts\/42612\/revisions\/42614"}],"wp:featuredmedia":[{"embeddable":true,"href":"https:\/\/vocesdebaires.com.ar\/index.php\/wp-json\/wp\/v2\/media\/42613"}],"wp:attachment":[{"href":"https:\/\/vocesdebaires.com.ar\/index.php\/wp-json\/wp\/v2\/media?parent=42612"}],"wp:term":[{"taxonomy":"category","embeddable":true,"href":"https:\/\/vocesdebaires.com.ar\/index.php\/wp-json\/wp\/v2\/categories?post=42612"},{"taxonomy":"post_tag","embeddable":true,"href":"https:\/\/vocesdebaires.com.ar\/index.php\/wp-json\/wp\/v2\/tags?post=42612"}],"curies":[{"name":"wp","href":"https:\/\/api.w.org\/{rel}","templated":true}]}}