{"id":42619,"date":"2023-02-17T00:00:49","date_gmt":"2023-02-17T03:00:49","guid":{"rendered":"https:\/\/vocesdebaires.com.ar\/?p=42619"},"modified":"2023-02-16T22:37:52","modified_gmt":"2023-02-17T01:37:52","slug":"legislatura-2022cultura-los-ganadores-del-premio-anual","status":"publish","type":"post","link":"https:\/\/vocesdebaires.com.ar\/index.php\/2023\/02\/17\/legislatura-2022cultura-los-ganadores-del-premio-anual\/","title":{"rendered":"Legislatura 2022:Cultura, los ganadores del premio anual"},"content":{"rendered":"<p>La Legislatura de la Ciudad da a conocer ganadoras y ganadores del Concurso Anual de Arte 2022. A trav\u00e9s de la Direcci\u00f3n General de Asuntos Culturales y Patrimoniales, organizadora del Premio Anual Legislatura a la Producci\u00f3n Art\u00edstica, se informan los nombre de quienes resultaron ganadores en las distintas categor\u00edas.<\/p>\n<p><strong>Producci\u00f3n Fotogr\u00e1fica<\/strong><br \/>\n1er. Premio: \u00abFlash\u00bb. Autora: Ver\u00f3nica Leticia Romanenghi.<br \/>\n2do. Premio: \u00abViendo la Vida Pasar\u00bb. Autora: Adriana In\u00e9s Tettamanzi.<br \/>\n3er. Premio: \u00abBondi Party\u00bb. Autor: Mario Alberto Borelli.<\/p>\n<p>Menci\u00f3n de Honor: \u201cLuces de la Ciudad\u201d. Autora: Sandra Hern\u00e1ndez.<br \/>\nMenci\u00f3n de Honor: \u201cInvasi\u00f3n Verde\u201d. Autora: Ver\u00f3nica Claudia Hern\u00e1ndez.<br \/>\nMenci\u00f3n de Honor: \u201cNo Logo Huergo\u201d. Autor: Jorge Carlos Iriarte.<br \/>\nMenci\u00f3n Especial de Honor: \u201cMovida Diaria\u201d. Autora: Adriana In\u00e9s Tettamanzi<\/p>\n<p>Producci\u00f3n Literaria<br \/>\nDesierto.<\/p>\n<p>Producci\u00f3n Gr\u00e1fica<br \/>\nDesierto.<\/p>\n<p>Producci\u00f3n Pict\u00f3rica<br \/>\n1er. Premio: \u00ab8M\u00bb. Autor: Adrian Aguirre.<br \/>\n2do. Premio: \u201cLucha\u201d. Autor: Esteban Pablo Videla.<\/p>\n","protected":false},"excerpt":{"rendered":"<p>La Legislatura de la Ciudad da a conocer ganadoras y ganadores del Concurso Anual de Arte 2022. A trav\u00e9s de la Direcci\u00f3n General de Asuntos Culturales y Patrimoniales, organizadora del Premio Anual Legislatura a la Producci\u00f3n Art\u00edstica, se informan los nombre de quienes resultaron ganadores en las distintas categor\u00edas. Producci\u00f3n Fotogr\u00e1fica 1er. Premio: \u00abFlash\u00bb. Autora: [&hellip;]<\/p>\n","protected":false},"author":2,"featured_media":42620,"comment_status":"open","ping_status":"open","sticky":false,"template":"","format":"standard","meta":{"_et_pb_use_builder":"","_et_pb_old_content":"","_et_gb_content_width":"","footnotes":""},"categories":[11,33],"tags":[],"class_list":["post-42619","post","type-post","status-publish","format-standard","has-post-thumbnail","hentry","category-ciudad","category-sociedad-y-cultura-2"],"_links":{"self":[{"href":"https:\/\/vocesdebaires.com.ar\/index.php\/wp-json\/wp\/v2\/posts\/42619"}],"collection":[{"href":"https:\/\/vocesdebaires.com.ar\/index.php\/wp-json\/wp\/v2\/posts"}],"about":[{"href":"https:\/\/vocesdebaires.com.ar\/index.php\/wp-json\/wp\/v2\/types\/post"}],"author":[{"embeddable":true,"href":"https:\/\/vocesdebaires.com.ar\/index.php\/wp-json\/wp\/v2\/users\/2"}],"replies":[{"embeddable":true,"href":"https:\/\/vocesdebaires.com.ar\/index.php\/wp-json\/wp\/v2\/comments?post=42619"}],"version-history":[{"count":1,"href":"https:\/\/vocesdebaires.com.ar\/index.php\/wp-json\/wp\/v2\/posts\/42619\/revisions"}],"predecessor-version":[{"id":42621,"href":"https:\/\/vocesdebaires.com.ar\/index.php\/wp-json\/wp\/v2\/posts\/42619\/revisions\/42621"}],"wp:featuredmedia":[{"embeddable":true,"href":"https:\/\/vocesdebaires.com.ar\/index.php\/wp-json\/wp\/v2\/media\/42620"}],"wp:attachment":[{"href":"https:\/\/vocesdebaires.com.ar\/index.php\/wp-json\/wp\/v2\/media?parent=42619"}],"wp:term":[{"taxonomy":"category","embeddable":true,"href":"https:\/\/vocesdebaires.com.ar\/index.php\/wp-json\/wp\/v2\/categories?post=42619"},{"taxonomy":"post_tag","embeddable":true,"href":"https:\/\/vocesdebaires.com.ar\/index.php\/wp-json\/wp\/v2\/tags?post=42619"}],"curies":[{"name":"wp","href":"https:\/\/api.w.org\/{rel}","templated":true}]}}