{"id":42646,"date":"2023-02-20T01:40:45","date_gmt":"2023-02-20T04:40:45","guid":{"rendered":"https:\/\/vocesdebaires.com.ar\/?p=42646"},"modified":"2023-02-20T01:40:45","modified_gmt":"2023-02-20T04:40:45","slug":"cronograma-de-servicios-publicoshoy-lunes-20-y-manana-martes-21","status":"publish","type":"post","link":"https:\/\/vocesdebaires.com.ar\/index.php\/2023\/02\/20\/cronograma-de-servicios-publicoshoy-lunes-20-y-manana-martes-21\/","title":{"rendered":"Cronograma de Servicios P\u00fablicos,hoy lunes 20 y ma\u00f1ana martes 21"},"content":{"rendered":"<p>El Gobierno de la Ciudad Aut\u00f3noma de Buenos Aires informa el cronograma de servicios p\u00fablicos para el lunes 20 y martes 21 de febrero, feriados por Carnaval.Hospitales: funcionar\u00e1n las guardias, el SAME y las Unidades Febriles de Urgencia. A su vez, los vacunatorios COVID-19 permanecer\u00e1n cerrados.<br \/>\nEscuelas: cerradas.<\/p>\n<p>Cementerios: las inhumaciones en los Cementerios de Chacarita, Flores, Recoleta y el ingreso de los fallecidos al Crematorio de la Ciudad Aut\u00f3noma de Buenos Aires se realizar\u00e1n en el horario de 7.30 a 14 horas a destino, recepcion\u00e1ndose el \u00faltimo tr\u00e1mite a las 13 e inici\u00e1ndose la \u00faltima inhumaci\u00f3n a las 13.30.<br \/>\nAdministraci\u00f3n Gubernamental de Ingresos P\u00fablicos y Direcci\u00f3n General de Rentas: cerradas.<\/p>\n<p><strong>Sedes Comunales: cerradas.<\/strong><br \/>\nRegistro Civil: permanecer\u00e1 cerrado. Funcionar\u00e1 s\u00f3lo la guardia de defunciones de 8 a 12.30.<br \/>\nRecolecci\u00f3n de residuos: el servicio funcionar\u00e1 de manera habitual.<br \/>\nEstacionamiento: estar\u00e1 permitido estacionar sobre las avenidas y calles donde est\u00e1 prohibido estacionar los d\u00edas h\u00e1biles de 7 a 21 horas. No estar\u00e1 permitido estacionar sobre avenidas o calles donde est\u00e1 prohibido estacionar las 24 horas.<\/p>\n<p><strong>El estacionamiento medido no tendr\u00e1 vigencia.<\/strong><br \/>\nEn las rampas, veredas, ochavas, cocheras, paradas de colectivo, calles de convivencia, espacios reservados para personas con discapacidad, espacios reservados para cl\u00ednicas y hospitales y cajones de carga y descarga, sigue rigiendo la prohibici\u00f3n durante las 24 horas. Adem\u00e1s no habr\u00e1 restricci\u00f3n de ingreso a Centro y Tribunales peatonal.<br \/>\nM\u00e1s informaci\u00f3n: http:\/\/estacionamiento.gob.ar\/<\/p>\n<p>Subtes y premetro: el s\u00e1bado el servicio funcionar\u00e1 con horario de domingo\/feriado, es decir de 8 a 22 horas seg\u00fan corresponda el horario del \u00faltimo tren de cada l\u00ednea. Consultar horario ac\u00e1. Ecobici: los usuarios de Ecobici tendr\u00e1n las siguientes opciones:<\/p>\n<p><strong>Recreativo:<\/strong><br \/>\nViaje \u00fanico: $130 &#8211; 1 viaje de hasta 30 minutos los s\u00e1bados, domingos y feriados.<br \/>\nDiario: $280 &#8211; 6 viajes diarios de hasta 60 minutos.<\/p>\n<p><strong>Intensivo:<\/strong><br \/>\nDiario: $280 &#8211; hasta 6 viajes diarios de hasta 60 minutos.<br \/>\nMensual: $1.275 &#8211; hasta 6 viajes de 60 minutos al d\u00eda durante un mes.<br \/>\nAnual: $10.890 &#8211; hasta 6 viajes de 60 minutos al d\u00eda durante un a\u00f1o.<\/p>\n<p><strong>Tur\u00edstico:(s\u00f3lo para turistas extranjeros)<\/strong><br \/>\nDiario: $280 &#8211; hasta 6 viajes diarios de hasta 60 minutos.<br \/>\n3 d\u00edas: $3.500 &#8211; viajes ilimitados de hasta 120 minutos, durante 72 horas<br \/>\n7 d\u00edas: $4.200 &#8211; viajes ilimitados de hasta 120 minutos, durante 7 d\u00edas.<br \/>\nViaje \u00fanico: $500 &#8211; 1 viaje de hasta 30 minutos.<\/p>\n<p>Peajes: los peajes funcionar\u00e1n con normalidad, tomando como hora pico el horario de fin de semana, es decir, de 11 a 15 horas sentido Provincia, y de 17 a 21 horas sentido Centro.Registro de licencias para conducir, sede Roca: cerrada. Pista de aprendizaje: estar\u00e1 abierta y funcionar\u00e1 normalmente. Para poder utilizar el espacio de forma segura y responsable los vecinos y vecinas deber\u00e1n sacar\u00a0 turno con anticipaci\u00f3n en https:\/\/www.buenosaires.gob.ar\/licenciasdeconducir\/practicas-de-manejo.<\/p>\n<p>Verificaci\u00f3n T\u00e9cnica Vehicular: las siete plantas permanecer\u00e1n cerradas. Direcci\u00f3n General de Infracciones: cerrada.<\/p>\n<p>&nbsp;<\/p>\n","protected":false},"excerpt":{"rendered":"<p>El Gobierno de la Ciudad Aut\u00f3noma de Buenos Aires informa el cronograma de servicios p\u00fablicos para el lunes 20 y martes 21 de febrero, feriados por Carnaval.Hospitales: funcionar\u00e1n las guardias, el SAME y las Unidades Febriles de Urgencia. A su vez, los vacunatorios COVID-19 permanecer\u00e1n cerrados. Escuelas: cerradas. Cementerios: las inhumaciones en los Cementerios de [&hellip;]<\/p>\n","protected":false},"author":2,"featured_media":41687,"comment_status":"open","ping_status":"open","sticky":false,"template":"","format":"standard","meta":{"_et_pb_use_builder":"","_et_pb_old_content":"","_et_gb_content_width":"","footnotes":""},"categories":[11,33],"tags":[],"class_list":["post-42646","post","type-post","status-publish","format-standard","has-post-thumbnail","hentry","category-ciudad","category-sociedad-y-cultura-2"],"_links":{"self":[{"href":"https:\/\/vocesdebaires.com.ar\/index.php\/wp-json\/wp\/v2\/posts\/42646"}],"collection":[{"href":"https:\/\/vocesdebaires.com.ar\/index.php\/wp-json\/wp\/v2\/posts"}],"about":[{"href":"https:\/\/vocesdebaires.com.ar\/index.php\/wp-json\/wp\/v2\/types\/post"}],"author":[{"embeddable":true,"href":"https:\/\/vocesdebaires.com.ar\/index.php\/wp-json\/wp\/v2\/users\/2"}],"replies":[{"embeddable":true,"href":"https:\/\/vocesdebaires.com.ar\/index.php\/wp-json\/wp\/v2\/comments?post=42646"}],"version-history":[{"count":1,"href":"https:\/\/vocesdebaires.com.ar\/index.php\/wp-json\/wp\/v2\/posts\/42646\/revisions"}],"predecessor-version":[{"id":42647,"href":"https:\/\/vocesdebaires.com.ar\/index.php\/wp-json\/wp\/v2\/posts\/42646\/revisions\/42647"}],"wp:featuredmedia":[{"embeddable":true,"href":"https:\/\/vocesdebaires.com.ar\/index.php\/wp-json\/wp\/v2\/media\/41687"}],"wp:attachment":[{"href":"https:\/\/vocesdebaires.com.ar\/index.php\/wp-json\/wp\/v2\/media?parent=42646"}],"wp:term":[{"taxonomy":"category","embeddable":true,"href":"https:\/\/vocesdebaires.com.ar\/index.php\/wp-json\/wp\/v2\/categories?post=42646"},{"taxonomy":"post_tag","embeddable":true,"href":"https:\/\/vocesdebaires.com.ar\/index.php\/wp-json\/wp\/v2\/tags?post=42646"}],"curies":[{"name":"wp","href":"https:\/\/api.w.org\/{rel}","templated":true}]}}