{"id":42648,"date":"2023-02-20T01:46:10","date_gmt":"2023-02-20T04:46:10","guid":{"rendered":"https:\/\/vocesdebaires.com.ar\/?p=42648"},"modified":"2023-02-20T01:47:17","modified_gmt":"2023-02-20T04:47:17","slug":"amiatrabaja-para-el-acceso-al-derecho-a-la-identidad-biologica-y-de-origen","status":"publish","type":"post","link":"https:\/\/vocesdebaires.com.ar\/index.php\/2023\/02\/20\/amiatrabaja-para-el-acceso-al-derecho-a-la-identidad-biologica-y-de-origen\/","title":{"rendered":"AMIA:Trabaja por el  derecho a la identidad biol\u00f3gica y de origen"},"content":{"rendered":"<p>La Asociaci\u00f3n Mutual Israelita Argentina (AMIA) recuerda que contin\u00faa brindando un acompa\u00f1amiento activo a Alejandra Laniado, en la b\u00fasqueda que est\u00e1 realizando para descubrir su origen biol\u00f3gico, y las condiciones en las que se produjo la vinculaci\u00f3n con sus padres de crianza.Como se inform\u00f3 oportunamente, Alejandra confirm\u00f3, a comienzos de 2021, que no era hija natural de quienes hasta ese momento consideraba sus padres, y en el proceso de indagaci\u00f3n se concluy\u00f3 que pertenece a un grupo de personas criadas en la comunidad jud\u00eda que atraviesan una situaci\u00f3n similar.<\/p>\n<p>Tanto la instituci\u00f3n como Alejandra Laniado quieren expresar su agradecimiento por los mensajes que se recibieron luego de que se difundiera el primer comunicado en octubre del a\u00f1o pasado, e instan a todas las personas que puedan tener datos de utilidad, o indicios de informaci\u00f3n, a que se contacten para compartirlos, y colaborar de esta manera a encontrar la verdad.<\/p>\n<p>La b\u00fasqueda de Alejandra para descubrir la identidad de sus padres biol\u00f3gicos y conocer sus ra\u00edces avanza gracias a la investigaci\u00f3n geneal\u00f3gica gen\u00e9tica que brinda la herramienta del ADN ancestral, un m\u00e9todo que mediante un simple hisopado\u00a0 permite identificar a las personas con las que se comparte el ADN o cuyos parentescos se remontan hasta 5 generaciones para atr\u00e1s. El trabajo para facilitar el acceso al derecho a la identidad biol\u00f3gica y de origen de Alejandra contin\u00faa tambi\u00e9n gracias al trabajo articulado con la CONADI (Comisi\u00f3n Nacional por el Derecho a la Identidad), y el plan nacional de identidad biol\u00f3gica que dicho organismo implementa.<\/p>\n<p><strong>Sobre Alejandra Laniado<\/strong><\/p>\n<p>Alejandra creci\u00f3 como hija \u00fanica, tiene 47 a\u00f1os; est\u00e1 casada y es madre de tres hijas. En febrero de 2021, ante las dudas que ya se le hab\u00edan presentado sobre su origen biol\u00f3gico, decidi\u00f3 buscar su partida de nacimiento. A partir de sus averiguaciones, descubri\u00f3 que su caso forma parte de un grupo de beb\u00e9s, hoy adultos, entregados a familias de la comunidad que no pod\u00edan tener hijos, en el marco de una red de tr\u00e1fico que habr\u00eda operado en la d\u00e9cada del \u00b460 y primeros a\u00f1os de los \u00b470.<\/p>\n<p>Luego de que Alejandra se acerc\u00f3 a AMIA, la instituci\u00f3n conform\u00f3 un Comit\u00e9 para recabar m\u00e1s informaci\u00f3n y colaborar activamente con las b\u00fasquedas.<br \/>\nDe los testimonios recogidos surgi\u00f3 que, en el marco de un condenable accionar, en algunos de esos casos estuvo involucrada una empleada de la entidad (ya fallecida), que por aquellos a\u00f1os se desempe\u00f1\u00f3 en el \u00e1rea social.<\/p>\n<p>A trav\u00e9s del comunicado difundido en octubre, AMIA expres\u00f3 su en\u00e9rgico rechazo a la condenable y ominosa conducta que esa persona ejerci\u00f3 a espaldas de la instituci\u00f3n, y renov\u00f3 su compromiso con la verdad y con la defensa y promoci\u00f3n de los derechos relativos a la identidad. Las v\u00edas de contacto para aportar informaci\u00f3n son alejandralaniado@yahoo.com.ar o con AMIA escribiendo a secretariainstitucional@amia.org.ar o llamando al 4959-8877.<\/p>\n","protected":false},"excerpt":{"rendered":"<p>La Asociaci\u00f3n Mutual Israelita Argentina (AMIA) recuerda que contin\u00faa brindando un acompa\u00f1amiento activo a Alejandra Laniado, en la b\u00fasqueda que est\u00e1 realizando para descubrir su origen biol\u00f3gico, y las condiciones en las que se produjo la vinculaci\u00f3n con sus padres de crianza.Como se inform\u00f3 oportunamente, Alejandra confirm\u00f3, a comienzos de 2021, que no era hija [&hellip;]<\/p>\n","protected":false},"author":2,"featured_media":42649,"comment_status":"open","ping_status":"open","sticky":false,"template":"","format":"standard","meta":{"_et_pb_use_builder":"","_et_pb_old_content":"","_et_gb_content_width":"","footnotes":""},"categories":[11,33],"tags":[],"class_list":["post-42648","post","type-post","status-publish","format-standard","has-post-thumbnail","hentry","category-ciudad","category-sociedad-y-cultura-2"],"_links":{"self":[{"href":"https:\/\/vocesdebaires.com.ar\/index.php\/wp-json\/wp\/v2\/posts\/42648"}],"collection":[{"href":"https:\/\/vocesdebaires.com.ar\/index.php\/wp-json\/wp\/v2\/posts"}],"about":[{"href":"https:\/\/vocesdebaires.com.ar\/index.php\/wp-json\/wp\/v2\/types\/post"}],"author":[{"embeddable":true,"href":"https:\/\/vocesdebaires.com.ar\/index.php\/wp-json\/wp\/v2\/users\/2"}],"replies":[{"embeddable":true,"href":"https:\/\/vocesdebaires.com.ar\/index.php\/wp-json\/wp\/v2\/comments?post=42648"}],"version-history":[{"count":2,"href":"https:\/\/vocesdebaires.com.ar\/index.php\/wp-json\/wp\/v2\/posts\/42648\/revisions"}],"predecessor-version":[{"id":42651,"href":"https:\/\/vocesdebaires.com.ar\/index.php\/wp-json\/wp\/v2\/posts\/42648\/revisions\/42651"}],"wp:featuredmedia":[{"embeddable":true,"href":"https:\/\/vocesdebaires.com.ar\/index.php\/wp-json\/wp\/v2\/media\/42649"}],"wp:attachment":[{"href":"https:\/\/vocesdebaires.com.ar\/index.php\/wp-json\/wp\/v2\/media?parent=42648"}],"wp:term":[{"taxonomy":"category","embeddable":true,"href":"https:\/\/vocesdebaires.com.ar\/index.php\/wp-json\/wp\/v2\/categories?post=42648"},{"taxonomy":"post_tag","embeddable":true,"href":"https:\/\/vocesdebaires.com.ar\/index.php\/wp-json\/wp\/v2\/tags?post=42648"}],"curies":[{"name":"wp","href":"https:\/\/api.w.org\/{rel}","templated":true}]}}