{"id":42667,"date":"2023-02-22T00:00:49","date_gmt":"2023-02-22T03:00:49","guid":{"rendered":"https:\/\/vocesdebaires.com.ar\/?p=42667"},"modified":"2023-02-21T21:04:49","modified_gmt":"2023-02-22T00:04:49","slug":"ciudad-de-buenos-aires-dia-de-la-seguridad-electrica","status":"publish","type":"post","link":"https:\/\/vocesdebaires.com.ar\/index.php\/2023\/02\/22\/ciudad-de-buenos-aires-dia-de-la-seguridad-electrica\/","title":{"rendered":"Ciudad de Buenos Aires: D\u00eda de la seguridad el\u00e9ctrica"},"content":{"rendered":"<p>La iniciativa aporta una herramienta m\u00e1s a la tarea de concientizaci\u00f3n. Busca que cada a\u00f1o los porte\u00f1os reflexionen sobre los riesgos y peligros que acarrea el uso incorrecto y deficiente de la electricidad. Entre los fundamentos que avalan la creaci\u00f3n de la fecha, est\u00e1 la premisa de que la seguridad el\u00e9ctrica es el campo de la ingenier\u00eda el\u00e9ctrica responsable de la disminuci\u00f3n de los riesgos ocasionados por el uso y el manejo de la electricidad, tanto las personas como en los bienes.<\/p>\n<p>Fue elegida en homenaje al ingeniero Alberto Iaconis, quien dedic\u00f3 su actividad profesional a la concientizaci\u00f3n respecto de los riesgos y las consecuencias del mal empleo de la electricidad y sobre los beneficios de un uso seguro y racional. Ley 4210. Sancionada el 28 de junio de 2012, publicada en el Bolet\u00edn Oficial de la Ciudad Nro. 3967 del 6 de agosto de 2012.<\/p>\n","protected":false},"excerpt":{"rendered":"<p>La iniciativa aporta una herramienta m\u00e1s a la tarea de concientizaci\u00f3n. Busca que cada a\u00f1o los porte\u00f1os reflexionen sobre los riesgos y peligros que acarrea el uso incorrecto y deficiente de la electricidad. Entre los fundamentos que avalan la creaci\u00f3n de la fecha, est\u00e1 la premisa de que la seguridad el\u00e9ctrica es el campo de [&hellip;]<\/p>\n","protected":false},"author":2,"featured_media":42668,"comment_status":"open","ping_status":"open","sticky":false,"template":"","format":"standard","meta":{"_et_pb_use_builder":"","_et_pb_old_content":"","_et_gb_content_width":"","footnotes":""},"categories":[11,33],"tags":[],"class_list":["post-42667","post","type-post","status-publish","format-standard","has-post-thumbnail","hentry","category-ciudad","category-sociedad-y-cultura-2"],"_links":{"self":[{"href":"https:\/\/vocesdebaires.com.ar\/index.php\/wp-json\/wp\/v2\/posts\/42667"}],"collection":[{"href":"https:\/\/vocesdebaires.com.ar\/index.php\/wp-json\/wp\/v2\/posts"}],"about":[{"href":"https:\/\/vocesdebaires.com.ar\/index.php\/wp-json\/wp\/v2\/types\/post"}],"author":[{"embeddable":true,"href":"https:\/\/vocesdebaires.com.ar\/index.php\/wp-json\/wp\/v2\/users\/2"}],"replies":[{"embeddable":true,"href":"https:\/\/vocesdebaires.com.ar\/index.php\/wp-json\/wp\/v2\/comments?post=42667"}],"version-history":[{"count":1,"href":"https:\/\/vocesdebaires.com.ar\/index.php\/wp-json\/wp\/v2\/posts\/42667\/revisions"}],"predecessor-version":[{"id":42669,"href":"https:\/\/vocesdebaires.com.ar\/index.php\/wp-json\/wp\/v2\/posts\/42667\/revisions\/42669"}],"wp:featuredmedia":[{"embeddable":true,"href":"https:\/\/vocesdebaires.com.ar\/index.php\/wp-json\/wp\/v2\/media\/42668"}],"wp:attachment":[{"href":"https:\/\/vocesdebaires.com.ar\/index.php\/wp-json\/wp\/v2\/media?parent=42667"}],"wp:term":[{"taxonomy":"category","embeddable":true,"href":"https:\/\/vocesdebaires.com.ar\/index.php\/wp-json\/wp\/v2\/categories?post=42667"},{"taxonomy":"post_tag","embeddable":true,"href":"https:\/\/vocesdebaires.com.ar\/index.php\/wp-json\/wp\/v2\/tags?post=42667"}],"curies":[{"name":"wp","href":"https:\/\/api.w.org\/{rel}","templated":true}]}}