{"id":42673,"date":"2023-02-22T00:00:52","date_gmt":"2023-02-22T03:00:52","guid":{"rendered":"https:\/\/vocesdebaires.com.ar\/?p=42673"},"modified":"2023-02-21T21:12:57","modified_gmt":"2023-02-22T00:12:57","slug":"tragedia-de-once-dia-de-la-dignidad-de-los-usuarios-del-tren","status":"publish","type":"post","link":"https:\/\/vocesdebaires.com.ar\/index.php\/2023\/02\/22\/tragedia-de-once-dia-de-la-dignidad-de-los-usuarios-del-tren\/","title":{"rendered":"Tragedia de Once: D\u00eda de la dignidad de los usuarios del tren"},"content":{"rendered":"<p>El 22 de febrero de 2012 se produjo el incidente ferroviario conocido como Tragedia de Once en el que se registraron 52 v\u00edctimas fatales y m\u00e1s de 700 personas heridas.El objetivo de esta fecha no es solo homenajear a esas v\u00edctimas, sino que aspira a mantener viva la memoria en pos de evitar que sucedan otra vez hechos similares. Ley 4487. Sancionada el 20 de diciembre de 2012, publicada en el Bolet\u00edn Oficial de la Ciudad Nro. 4080 del 23 de enero de 2013.<\/p>\n","protected":false},"excerpt":{"rendered":"<p>El 22 de febrero de 2012 se produjo el incidente ferroviario conocido como Tragedia de Once en el que se registraron 52 v\u00edctimas fatales y m\u00e1s de 700 personas heridas.El objetivo de esta fecha no es solo homenajear a esas v\u00edctimas, sino que aspira a mantener viva la memoria en pos de evitar que sucedan [&hellip;]<\/p>\n","protected":false},"author":2,"featured_media":42674,"comment_status":"open","ping_status":"open","sticky":false,"template":"","format":"standard","meta":{"_et_pb_use_builder":"","_et_pb_old_content":"","_et_gb_content_width":"","footnotes":""},"categories":[11,33],"tags":[],"class_list":["post-42673","post","type-post","status-publish","format-standard","has-post-thumbnail","hentry","category-ciudad","category-sociedad-y-cultura-2"],"_links":{"self":[{"href":"https:\/\/vocesdebaires.com.ar\/index.php\/wp-json\/wp\/v2\/posts\/42673"}],"collection":[{"href":"https:\/\/vocesdebaires.com.ar\/index.php\/wp-json\/wp\/v2\/posts"}],"about":[{"href":"https:\/\/vocesdebaires.com.ar\/index.php\/wp-json\/wp\/v2\/types\/post"}],"author":[{"embeddable":true,"href":"https:\/\/vocesdebaires.com.ar\/index.php\/wp-json\/wp\/v2\/users\/2"}],"replies":[{"embeddable":true,"href":"https:\/\/vocesdebaires.com.ar\/index.php\/wp-json\/wp\/v2\/comments?post=42673"}],"version-history":[{"count":1,"href":"https:\/\/vocesdebaires.com.ar\/index.php\/wp-json\/wp\/v2\/posts\/42673\/revisions"}],"predecessor-version":[{"id":42675,"href":"https:\/\/vocesdebaires.com.ar\/index.php\/wp-json\/wp\/v2\/posts\/42673\/revisions\/42675"}],"wp:featuredmedia":[{"embeddable":true,"href":"https:\/\/vocesdebaires.com.ar\/index.php\/wp-json\/wp\/v2\/media\/42674"}],"wp:attachment":[{"href":"https:\/\/vocesdebaires.com.ar\/index.php\/wp-json\/wp\/v2\/media?parent=42673"}],"wp:term":[{"taxonomy":"category","embeddable":true,"href":"https:\/\/vocesdebaires.com.ar\/index.php\/wp-json\/wp\/v2\/categories?post=42673"},{"taxonomy":"post_tag","embeddable":true,"href":"https:\/\/vocesdebaires.com.ar\/index.php\/wp-json\/wp\/v2\/tags?post=42673"}],"curies":[{"name":"wp","href":"https:\/\/api.w.org\/{rel}","templated":true}]}}