{"id":42686,"date":"2023-02-24T00:00:12","date_gmt":"2023-02-24T03:00:12","guid":{"rendered":"https:\/\/vocesdebaires.com.ar\/?p=42686"},"modified":"2023-02-23T22:22:35","modified_gmt":"2023-02-24T01:22:35","slug":"tapalque-preparada-para-la-exposicion-de-cactus-flores-y-plantas","status":"publish","type":"post","link":"https:\/\/vocesdebaires.com.ar\/index.php\/2023\/02\/24\/tapalque-preparada-para-la-exposicion-de-cactus-flores-y-plantas\/","title":{"rendered":"Tapalqu\u00e9: Preparada para la exposici\u00f3n de cactus, flores y plantas"},"content":{"rendered":"<p>El pr\u00f3ximo s\u00e1bado 25 y domingo 26 de febrero se llevar\u00e1 a cabo una nueva edici\u00f3n de esta conocida expo donde miles de plantas ser\u00e1n las protagonistas en el balneario. Este encuentro como siempre sucede estar\u00e1 rodeado de mucha diversi\u00f3n de espect\u00e1culos musicales, patio gastron\u00f3mico, feria de artesanos y numerosas actividades. La feria estar\u00e1 abierta desde las 10 de la ma\u00f1ana y por la tarde se realizar\u00e1n shows en vivo.<\/p>\n<p>El s\u00e1bado a partir de las 18 hs se presentar\u00e1 July \u00abLa Reina\u201d, Brotes del Salado, Luz de Luna y el cierre estelar de Los Charros. El domingo a las 16 hs se llevar\u00e1 a cabo el espect\u00e1culo Circo Volador y a partir de las 17 hs se presentar\u00e1n en el escenario Creando Sue\u00f1os, Silvana Olmos, Los Hermanos Rojas, Dar\u00edo Felipe y Cautivos. Vale destacar que el evento es con entrada libre y gratuita. Invita la Municipalidad de Tapalqu\u00e9 y el Instituto Cultural de la Provincia de Buenos Aires.<\/p>\n<p><strong>Turismo y paseos<\/strong><br \/>\nEsta localidad de poco m\u00e1s de 9000 habitantes, ubicado a unos 270 kil\u00f3metros de la Capital Federal, ofrece todo lo necesario para pasar un fin de semana espectacular. Comer bien, disfrutar del aire libre y conocer la cultura ancestral bonaerense son apenas algunos detalles que hacen este lugar algo m\u00e1s que un pueblo de totorales, como lo conoc\u00edan los indios araucanos que lo habitaban antes de la llegada de los espa\u00f1oles.<\/p>\n<p>El Balneario Municipal es el rey de esta localidad y cuenta con un camping Municipal, que en primavera y verano lo disfrutan locales y turistas. En el mismo parque, incluso los visitantes pueden disfrutar de una pileta climatizada cuya arquitectura es moderna y sustentable. La Costanera se extiende hasta el Club de Pesca y hacia el sur, con una pista de Ciclismo. La gastronom\u00eda es para todos los gustos. Pero s\u00ed o s\u00ed hay que visitar la pulper\u00eda \u201cSan Gervasio\u201d, apostada en un antiguo edificio de 1850 que era posta de carretas, diligencias y carros.<\/p>\n<p>Tambi\u00e9n hay parrillas, pizzer\u00edas buffet y cervecer\u00edas. En cuanto a atractivos culturales el Museo puede ser una parada obligada para conocer m\u00e1s de la cultura ind\u00edgena, prendas gauchas, arqueolog\u00eda, paleontolog\u00eda, armas blancas y de fuego. En cuanto al hospedaje, la oferta se ha ido ampliando y se ofrecen m\u00faltiples alternativas para descansar c\u00f3modamente. La ciudad cabecera tiene varios parajes interesantes para visitar y recorrer en un radio de 50 kil\u00f3metros aproximadamente: Yerbas, Velloso, Covello, Campod\u00f3nico, Crotto, Altona, San Bernardo y la Protegida. Son peque\u00f1os pueblos donde el tiempo transcurre con otros ritmos.<\/p>\n","protected":false},"excerpt":{"rendered":"<p>El pr\u00f3ximo s\u00e1bado 25 y domingo 26 de febrero se llevar\u00e1 a cabo una nueva edici\u00f3n de esta conocida expo donde miles de plantas ser\u00e1n las protagonistas en el balneario. Este encuentro como siempre sucede estar\u00e1 rodeado de mucha diversi\u00f3n de espect\u00e1culos musicales, patio gastron\u00f3mico, feria de artesanos y numerosas actividades. La feria estar\u00e1 abierta [&hellip;]<\/p>\n","protected":false},"author":3,"featured_media":42687,"comment_status":"open","ping_status":"open","sticky":false,"template":"","format":"standard","meta":{"_et_pb_use_builder":"","_et_pb_old_content":"","_et_gb_content_width":"","footnotes":""},"categories":[13,33],"tags":[],"class_list":["post-42686","post","type-post","status-publish","format-standard","has-post-thumbnail","hentry","category-provincia","category-sociedad-y-cultura-2"],"_links":{"self":[{"href":"https:\/\/vocesdebaires.com.ar\/index.php\/wp-json\/wp\/v2\/posts\/42686"}],"collection":[{"href":"https:\/\/vocesdebaires.com.ar\/index.php\/wp-json\/wp\/v2\/posts"}],"about":[{"href":"https:\/\/vocesdebaires.com.ar\/index.php\/wp-json\/wp\/v2\/types\/post"}],"author":[{"embeddable":true,"href":"https:\/\/vocesdebaires.com.ar\/index.php\/wp-json\/wp\/v2\/users\/3"}],"replies":[{"embeddable":true,"href":"https:\/\/vocesdebaires.com.ar\/index.php\/wp-json\/wp\/v2\/comments?post=42686"}],"version-history":[{"count":1,"href":"https:\/\/vocesdebaires.com.ar\/index.php\/wp-json\/wp\/v2\/posts\/42686\/revisions"}],"predecessor-version":[{"id":42688,"href":"https:\/\/vocesdebaires.com.ar\/index.php\/wp-json\/wp\/v2\/posts\/42686\/revisions\/42688"}],"wp:featuredmedia":[{"embeddable":true,"href":"https:\/\/vocesdebaires.com.ar\/index.php\/wp-json\/wp\/v2\/media\/42687"}],"wp:attachment":[{"href":"https:\/\/vocesdebaires.com.ar\/index.php\/wp-json\/wp\/v2\/media?parent=42686"}],"wp:term":[{"taxonomy":"category","embeddable":true,"href":"https:\/\/vocesdebaires.com.ar\/index.php\/wp-json\/wp\/v2\/categories?post=42686"},{"taxonomy":"post_tag","embeddable":true,"href":"https:\/\/vocesdebaires.com.ar\/index.php\/wp-json\/wp\/v2\/tags?post=42686"}],"curies":[{"name":"wp","href":"https:\/\/api.w.org\/{rel}","templated":true}]}}