{"id":42694,"date":"2023-02-24T00:00:56","date_gmt":"2023-02-24T03:00:56","guid":{"rendered":"https:\/\/vocesdebaires.com.ar\/?p=42694"},"modified":"2023-02-23T22:34:54","modified_gmt":"2023-02-24T01:34:54","slug":"santilli-en-juntos-por-el-cambio-no-hay-lugar-para-las-chicanas","status":"publish","type":"post","link":"https:\/\/vocesdebaires.com.ar\/index.php\/2023\/02\/24\/santilli-en-juntos-por-el-cambio-no-hay-lugar-para-las-chicanas\/","title":{"rendered":"Santilli: \u201cEn Juntos por el Cambio no hay lugar para las chicanas\u201d"},"content":{"rendered":"<p>El diputado nacional particip\u00f3 junto a intendentes y otros referentes pol\u00edticos de la segunda cumbre del PRO bonaerense, organizada por el intendente de La Plata, Julio Garro.El diputado nacional y precandidato a Gobernador de la provincia de Buenos Aires, Diego Santilli, particip\u00f3 ayer por la tarde de la segunda cumbre del PRO bonaerense en La Plata, donde manifest\u00f3 que \u201cno hay espacio para chicanas dentro de Juntos por el Cambio\u201d. En ese marco, expres\u00f3: \u201cTenemos intendentes muy importantes que tienen territorios que hay que cuidar.<\/p>\n<p>Obviamente, este trabajo luego hay que llevarlo a la mesa de Juntos por el Cambio y consolidarlo con el radicalismo, la Coalici\u00f3n C\u00edvica y con (Miguel \u00c1ngel) Pichetto, pero nosotros desde el PRO tenemos que ser un espacio amplio que pretende ser una alternativa de cambio frente a la crisis que atraviesan millones de argentinos\u201d. \u201cEsto lo tenemos que lograr con propuestas, una visi\u00f3n clara sobre ad\u00f3nde queremos llevar la Provincia y el pa\u00eds y, fundamentalmente, sin peleas, porque en Juntos por el Cambio no hay lugar para las chicanas\u201d, expres\u00f3 Santilli.<\/p>\n<p>El actual diputado nacional, que la semana pasada confirm\u00f3 que ser\u00e1 precandidato a Gobernador bonaerense por Juntos por el Cambio, se\u00f1al\u00f3: \u201cHay que ganar una primaria para poder liderar y ser candidato, pero siempre dentro de las responsabilidades. A m\u00ed me toc\u00f3 competir con un candidato muy importante en el 2021, que era Facundo Manes, que ten\u00eda al radicalismo apoy\u00e1ndolo, y fue una competencia muy sana y constructiva. Es en ese marco donde tenemos que enfocar nuestra campa\u00f1a\u201d.<\/p>\n<p>En ese sentido, concluy\u00f3: \u201cDebemos afianzar, consolidar y ampliar nuestro espacio. Puede haber f\u00f3rmulas verticales y\/o mixtas, pero todav\u00eda falta para esas definiciones. Yo creo que lo importante es que tenemos una gran coincidencia con nuestros socios radicalistas, la Coalici\u00f3n C\u00edvica y el peronismo republicano, centrada en enfrentar y ganarle al kirchnerismo en las urnas\u201d.<\/p>\n<p>Santilli form\u00f3 parte del evento organizado por Julio Garro, que tambi\u00e9n cont\u00f3 con la participaci\u00f3n del ministro de Gobierno de la ciudad de Buenos Aires, Jorge Macri; los diputados nacionales Cristian Ritondo y Silvia Lospennato; los intendentes N\u00e9stor Grindetti (Lan\u00fas), Pablo Petrecca (Jun\u00edn), Javier Mart\u00ednez (Pergamino), Ezequiel Galli (Olavarr\u00eda), H\u00e9ctor Gay (Bah\u00eda Blanca), Diego Valenzuela (Tres de Febrero), Ramiro Tagliaferro (Mor\u00f3n) y Soledad Mart\u00ednez (Vicente L\u00f3pez); los diputados bonaerenses Martiniano Molina, Adri\u00e1n Urreli y Florencia Retamoso; y los senadores bonaerenses Christian Gribaudo, Alejandro Rabinovich y Daniela Reich.<\/p>\n","protected":false},"excerpt":{"rendered":"<p>El diputado nacional particip\u00f3 junto a intendentes y otros referentes pol\u00edticos de la segunda cumbre del PRO bonaerense, organizada por el intendente de La Plata, Julio Garro.El diputado nacional y precandidato a Gobernador de la provincia de Buenos Aires, Diego Santilli, particip\u00f3 ayer por la tarde de la segunda cumbre del PRO bonaerense en La [&hellip;]<\/p>\n","protected":false},"author":3,"featured_media":42695,"comment_status":"open","ping_status":"open","sticky":false,"template":"","format":"standard","meta":{"_et_pb_use_builder":"","_et_pb_old_content":"","_et_gb_content_width":"","footnotes":""},"categories":[34,13],"tags":[],"class_list":["post-42694","post","type-post","status-publish","format-standard","has-post-thumbnail","hentry","category-politica","category-provincia"],"_links":{"self":[{"href":"https:\/\/vocesdebaires.com.ar\/index.php\/wp-json\/wp\/v2\/posts\/42694"}],"collection":[{"href":"https:\/\/vocesdebaires.com.ar\/index.php\/wp-json\/wp\/v2\/posts"}],"about":[{"href":"https:\/\/vocesdebaires.com.ar\/index.php\/wp-json\/wp\/v2\/types\/post"}],"author":[{"embeddable":true,"href":"https:\/\/vocesdebaires.com.ar\/index.php\/wp-json\/wp\/v2\/users\/3"}],"replies":[{"embeddable":true,"href":"https:\/\/vocesdebaires.com.ar\/index.php\/wp-json\/wp\/v2\/comments?post=42694"}],"version-history":[{"count":2,"href":"https:\/\/vocesdebaires.com.ar\/index.php\/wp-json\/wp\/v2\/posts\/42694\/revisions"}],"predecessor-version":[{"id":42697,"href":"https:\/\/vocesdebaires.com.ar\/index.php\/wp-json\/wp\/v2\/posts\/42694\/revisions\/42697"}],"wp:featuredmedia":[{"embeddable":true,"href":"https:\/\/vocesdebaires.com.ar\/index.php\/wp-json\/wp\/v2\/media\/42695"}],"wp:attachment":[{"href":"https:\/\/vocesdebaires.com.ar\/index.php\/wp-json\/wp\/v2\/media?parent=42694"}],"wp:term":[{"taxonomy":"category","embeddable":true,"href":"https:\/\/vocesdebaires.com.ar\/index.php\/wp-json\/wp\/v2\/categories?post=42694"},{"taxonomy":"post_tag","embeddable":true,"href":"https:\/\/vocesdebaires.com.ar\/index.php\/wp-json\/wp\/v2\/tags?post=42694"}],"curies":[{"name":"wp","href":"https:\/\/api.w.org\/{rel}","templated":true}]}}