{"id":42706,"date":"2023-02-27T00:00:29","date_gmt":"2023-02-27T03:00:29","guid":{"rendered":"https:\/\/vocesdebaires.com.ar\/?p=42706"},"modified":"2023-02-26T21:03:47","modified_gmt":"2023-02-27T00:03:47","slug":"subte-en-marzo-cierran-tres-estaciones-por-obras-y-renovacion","status":"publish","type":"post","link":"https:\/\/vocesdebaires.com.ar\/index.php\/2023\/02\/27\/subte-en-marzo-cierran-tres-estaciones-por-obras-y-renovacion\/","title":{"rendered":"Subte: En marzo cierran tres estaciones por obras y renovaci\u00f3n"},"content":{"rendered":"<p>En el marco del Plan de Renovaci\u00f3n Integral de Estaciones llevado adelante por Subterr\u00e1neos de Buenos Aires S.E. (SBASE), en marzo comenzar\u00e1n las obras en San Mart\u00edn (L\u00ednea C), Bulnes y Facultad de Medicina (L\u00ednea D), por lo que estar\u00e1n cerradas por dos meses aproximadamente. Con esta iniciativa se busca mejorar la infraestructura existente y la experiencia de viaje de los usuarios y usuarias. En ese sentido, San Mart\u00edn cerrar\u00e1 a partir del 1\u00b0 de marzo, Bulnes desde el 8 y Facultad de Medicina lo har\u00e1 desde el 15.<\/p>\n<p>Actualmente se est\u00e1n realizando tareas de relevamiento y a partir de marzo se har\u00e1 necesario el cierre debido a que las obras son incompatibles con la prestaci\u00f3n del servicio. Se trata de una renovaci\u00f3n integral que incluir\u00e1 trabajos de impermeabilizaci\u00f3n, pintura, recambio de solados y luminarias, trabajos de herrer\u00eda, reordenamiento del tendido el\u00e9ctrico, adecuaci\u00f3n de se\u00f1al\u00e9tica, colocaci\u00f3n de se\u00f1alizaci\u00f3n braille en pasamanos y p\u00f3rticos, y nuevo mobiliario en and\u00e9n, como bancos, cestos y apoyos isqui\u00e1ticos.<\/p>\n<p>De esta manera, se apunta a garantizar una mejor circulaci\u00f3n por las estaciones, al transformarlas en espacios m\u00e1s c\u00f3modos, ordenados y con mayor iluminaci\u00f3n.<br \/>\nEsta primera etapa del plan tambi\u00e9n abarca a las estaciones Castro Barros, Acoyte (L\u00ednea A) y Jujuy (L\u00ednea E), donde comenzar\u00e1n los trabajos pr\u00f3ximamente. La elecci\u00f3n y priorizaci\u00f3n de cada estaci\u00f3n se hizo en base a dos factores: la complejidad de los trabajos a realizar y la cantidad de pasajeros que circula por cada una de ellas.<\/p>\n","protected":false},"excerpt":{"rendered":"<p>En el marco del Plan de Renovaci\u00f3n Integral de Estaciones llevado adelante por Subterr\u00e1neos de Buenos Aires S.E. (SBASE), en marzo comenzar\u00e1n las obras en San Mart\u00edn (L\u00ednea C), Bulnes y Facultad de Medicina (L\u00ednea D), por lo que estar\u00e1n cerradas por dos meses aproximadamente. Con esta iniciativa se busca mejorar la infraestructura existente y [&hellip;]<\/p>\n","protected":false},"author":3,"featured_media":42707,"comment_status":"open","ping_status":"open","sticky":false,"template":"","format":"standard","meta":{"_et_pb_use_builder":"","_et_pb_old_content":"","_et_gb_content_width":"","footnotes":""},"categories":[11,33],"tags":[],"class_list":["post-42706","post","type-post","status-publish","format-standard","has-post-thumbnail","hentry","category-ciudad","category-sociedad-y-cultura-2"],"_links":{"self":[{"href":"https:\/\/vocesdebaires.com.ar\/index.php\/wp-json\/wp\/v2\/posts\/42706"}],"collection":[{"href":"https:\/\/vocesdebaires.com.ar\/index.php\/wp-json\/wp\/v2\/posts"}],"about":[{"href":"https:\/\/vocesdebaires.com.ar\/index.php\/wp-json\/wp\/v2\/types\/post"}],"author":[{"embeddable":true,"href":"https:\/\/vocesdebaires.com.ar\/index.php\/wp-json\/wp\/v2\/users\/3"}],"replies":[{"embeddable":true,"href":"https:\/\/vocesdebaires.com.ar\/index.php\/wp-json\/wp\/v2\/comments?post=42706"}],"version-history":[{"count":1,"href":"https:\/\/vocesdebaires.com.ar\/index.php\/wp-json\/wp\/v2\/posts\/42706\/revisions"}],"predecessor-version":[{"id":42708,"href":"https:\/\/vocesdebaires.com.ar\/index.php\/wp-json\/wp\/v2\/posts\/42706\/revisions\/42708"}],"wp:featuredmedia":[{"embeddable":true,"href":"https:\/\/vocesdebaires.com.ar\/index.php\/wp-json\/wp\/v2\/media\/42707"}],"wp:attachment":[{"href":"https:\/\/vocesdebaires.com.ar\/index.php\/wp-json\/wp\/v2\/media?parent=42706"}],"wp:term":[{"taxonomy":"category","embeddable":true,"href":"https:\/\/vocesdebaires.com.ar\/index.php\/wp-json\/wp\/v2\/categories?post=42706"},{"taxonomy":"post_tag","embeddable":true,"href":"https:\/\/vocesdebaires.com.ar\/index.php\/wp-json\/wp\/v2\/tags?post=42706"}],"curies":[{"name":"wp","href":"https:\/\/api.w.org\/{rel}","templated":true}]}}