{"id":42712,"date":"2023-02-27T00:00:20","date_gmt":"2023-02-27T03:00:20","guid":{"rendered":"https:\/\/vocesdebaires.com.ar\/?p=42712"},"modified":"2023-02-26T21:11:58","modified_gmt":"2023-02-27T00:11:58","slug":"el-alcalde-de-kiev-le-mando-una-carta-a-rodriguez-larreta","status":"publish","type":"post","link":"https:\/\/vocesdebaires.com.ar\/index.php\/2023\/02\/27\/el-alcalde-de-kiev-le-mando-una-carta-a-rodriguez-larreta\/","title":{"rendered":"El alcalde de Kiev le mand\u00f3 una carta a Rodr\u00edguez Larreta"},"content":{"rendered":"<p>A un a\u00f1o de la brutal invasi\u00f3n rusa a Ucrania, el alcalde de Kiev, Vitaliy Klitschko, le envi\u00f3 una carta a Horacio Rodr\u00edguez Larreta en la que le agradeci\u00f3 al Jefe de Gobierno el apoyo a Ucrania y a la colectividad ucraniana en la Argentina, y lo invit\u00f3 a viajar a la capital. \u201cEn nombre del pueblo de Kiev, quisiera expresarle mi respeto y sincero agradecimiento a usted, personalmente, y a toda la gente de Buenos Aires por su ayuda al pueblo ucraniano.<\/p>\n<p>M\u00e1s all\u00e1 de las hist\u00f3ricas relaciones de amistad entre Ucrania y la Rep\u00fablica Argentina, por muchos a\u00f1os Kiev y Buenos Aires, como ciudades capitales, trabajaron para liderar un camino de cooperaci\u00f3n entre nuestros pueblos, implementando proyectos relacionados al desarrollo y la calidad de vida de nuestros ciudadanos\u201d, dice el alcalde de Kiev en su carta.<\/p>\n<p>El Jefe de Gobierno porte\u00f1o y el alcalde de Kiev se conocieron durante el Congreso Mundial de Metropolis, realizado en Montreal, en junio de 2017. El a\u00f1o pasado, Rodr\u00edguez Larreta le mand\u00f3 una carta a Klitschko en la que conden\u00f3 la invasi\u00f3n rusa y se solidariz\u00f3 con el pueblo ucraniano. Desde el inicio de la invasi\u00f3n, el alcalde de Kiev est\u00e1 activamente involucrado en la defensa de la capital.<\/p>\n<p>Klitschko es alcalde de la capital ucraniana desde 2014. Adem\u00e1s, hasta su retiro en 2013, fue un reconocido boxeador profesional dos veces ganador del campeonato mundial de peso pesado y es considerado uno de los mejores campeones de peso pesado de todos los tiempos. En otro p\u00e1rrafo, la carta destaca: \u201cParticularmente, en las condiciones actuales de la agresi\u00f3n de la Federaci\u00f3n Rusa contra Ucrania, la cooperaci\u00f3n entre nuestras ciudades adquiere un nuevo sentido, porque nuestro pa\u00eds necesita el apoyo de nuestros amigos m\u00e1s que nunca mientras protegemos nuestra libertad e independencia\u201d.<\/p>\n<p>Rodr\u00edguez Larreta fue el primer dirigente argentino en condenar la invasi\u00f3n rusa a Ucrania y particip\u00f3 de la primera marcha organizada por la comunidad ucraniana en la Argentina. Junto a ACNUR, el Gobierno de la Ciudad trabaj\u00f3 en la organizaci\u00f3n de un concierto de Pl\u00e1cido Domingo en el Teatro Col\u00f3n, que sirvi\u00f3 para recaudar fondos para las personas refugiadas por el conflicto b\u00e9lico. Tambi\u00e9n se han desplegado diversas acciones para la atenci\u00f3n e integraci\u00f3n de personas migrantes que han llegado a la Ciudad a consecuencia de la guerra. Se estima que desde el estallido del conflicto hasta la fecha han llegado m\u00e1s de 250 ucranianos al pa\u00eds.<\/p>\n<p>La semana \u00faltima, a pocos d\u00edas de cumplirse un a\u00f1o de la invasi\u00f3n rusa, el jefe de Gobierno se reuni\u00f3 con Sergiy Nebrat, encargado de Negocios de la Embajada de Ucrania en Argentina, con referentes de la colectividad ucraniana en la Argentina y con mujeres refugiadas y sus hijos que llegaron a la Argentina recientemente. Adem\u00e1s, la Ciudad ilumin\u00f3 diversos monumentos con los colores de la bandera de Ucrania para conmemorar a las v\u00edctimas de la guerra y pedir por la paz.<\/p>\n<p>Adem\u00e1s, funcionarios del Gobierno participaron en un acto conmemorativo en el Planetario con la comunidad ucraniana junto a la Embajada de Estados Unidos, de la Uni\u00f3n Europea y de varios pa\u00edses que integran la Comunidad Europea. Por su parte, el secretario general y de Relaciones Internacionales, Fernando Straface; el Vicepresidente 1\u00b0 de la Legislatura, Emmanuel Ferrario; y el legislador Roy Cortina recibieron la semana \u00faltima en la Legislatura al flamante embajador de Ucrania en Argentina, Yurii Klymenko.<\/p>\n<p>Finalmente, Klitschko invita a Rodr\u00edguez Larreta a viajar a Ucrania: \u201cQuer\u00eda aprovechar esta ocasi\u00f3n para invitarlo a visitar Kiev cuando sea conveniente. Esto mostrar\u00e1 el gran afecto que usted tiene por la gente de Kiev y ser\u00e1 una importante oportunidad de encontrarnos en persona y discutir posibilidades de cooperaci\u00f3n entre nuestra ciudad y Buenos Aires\u201d.<\/p>\n","protected":false},"excerpt":{"rendered":"<p>A un a\u00f1o de la brutal invasi\u00f3n rusa a Ucrania, el alcalde de Kiev, Vitaliy Klitschko, le envi\u00f3 una carta a Horacio Rodr\u00edguez Larreta en la que le agradeci\u00f3 al Jefe de Gobierno el apoyo a Ucrania y a la colectividad ucraniana en la Argentina, y lo invit\u00f3 a viajar a la capital. \u201cEn nombre [&hellip;]<\/p>\n","protected":false},"author":3,"featured_media":42713,"comment_status":"open","ping_status":"open","sticky":false,"template":"","format":"standard","meta":{"_et_pb_use_builder":"","_et_pb_old_content":"","_et_gb_content_width":"","footnotes":""},"categories":[11,33],"tags":[],"class_list":["post-42712","post","type-post","status-publish","format-standard","has-post-thumbnail","hentry","category-ciudad","category-sociedad-y-cultura-2"],"_links":{"self":[{"href":"https:\/\/vocesdebaires.com.ar\/index.php\/wp-json\/wp\/v2\/posts\/42712"}],"collection":[{"href":"https:\/\/vocesdebaires.com.ar\/index.php\/wp-json\/wp\/v2\/posts"}],"about":[{"href":"https:\/\/vocesdebaires.com.ar\/index.php\/wp-json\/wp\/v2\/types\/post"}],"author":[{"embeddable":true,"href":"https:\/\/vocesdebaires.com.ar\/index.php\/wp-json\/wp\/v2\/users\/3"}],"replies":[{"embeddable":true,"href":"https:\/\/vocesdebaires.com.ar\/index.php\/wp-json\/wp\/v2\/comments?post=42712"}],"version-history":[{"count":1,"href":"https:\/\/vocesdebaires.com.ar\/index.php\/wp-json\/wp\/v2\/posts\/42712\/revisions"}],"predecessor-version":[{"id":42714,"href":"https:\/\/vocesdebaires.com.ar\/index.php\/wp-json\/wp\/v2\/posts\/42712\/revisions\/42714"}],"wp:featuredmedia":[{"embeddable":true,"href":"https:\/\/vocesdebaires.com.ar\/index.php\/wp-json\/wp\/v2\/media\/42713"}],"wp:attachment":[{"href":"https:\/\/vocesdebaires.com.ar\/index.php\/wp-json\/wp\/v2\/media?parent=42712"}],"wp:term":[{"taxonomy":"category","embeddable":true,"href":"https:\/\/vocesdebaires.com.ar\/index.php\/wp-json\/wp\/v2\/categories?post=42712"},{"taxonomy":"post_tag","embeddable":true,"href":"https:\/\/vocesdebaires.com.ar\/index.php\/wp-json\/wp\/v2\/tags?post=42712"}],"curies":[{"name":"wp","href":"https:\/\/api.w.org\/{rel}","templated":true}]}}