{"id":42725,"date":"2023-02-27T00:00:07","date_gmt":"2023-02-27T03:00:07","guid":{"rendered":"https:\/\/vocesdebaires.com.ar\/?p=42725"},"modified":"2023-02-26T22:28:37","modified_gmt":"2023-02-27T01:28:37","slug":"legislaturapor-la-paz-a-un-ano-de-la-invasion-de-rusia-a-ucrania","status":"publish","type":"post","link":"https:\/\/vocesdebaires.com.ar\/index.php\/2023\/02\/27\/legislaturapor-la-paz-a-un-ano-de-la-invasion-de-rusia-a-ucrania\/","title":{"rendered":"Legislatura:Por la paz, a un a\u00f1o de la invasi\u00f3n de Rusia a Ucrania"},"content":{"rendered":"<p>Los legisladores de la Ciudad recordaron el primer a\u00f1o de la invasi\u00f3n de Rusia a Ucrania. El acto se llev\u00f3 a cabo el pasado viernes por la tarde, en el Sal\u00f3n Dorado y cont\u00f3 con la presencia del organizador y legislador Roy Cortina, el Vicepresidente Primero Emmanuel Ferrario, el secretario General y Relaciones Internacionales del Gobierno de la Ciudad de Buenos Aires Fernando Straface, el embajador ucraniano Yurii Klymenko, el embajador de los Estados Unidos Marc Stanley, la embajadora de Polonia Aleksandra Maria Piatkowska, el embajador de la Uni\u00f3n Europea Amador S\u00e1nchez Rico, el embajador de Alemania Ulrich Sante y el c\u00f3nsul honorario de Ucrania en la Provincia de Buenos Aires Pedro Lylyk. Adem\u00e1s de embajadores de distintas partes del mundo.<\/p>\n<p>En el comienzo de las alocuciones, Emmanuel Ferrario les dio la bienvenida a todos los embajadores y presentes. \u201cHace un a\u00f1o atr\u00e1s, millones de ucranianos amanecieron en una realidad totalmente diferente a la que hubieran conocido\u201d, rememor\u00f3. Luego coment\u00f3 que en Ucrania se observa el significado de la valent\u00eda. Y reflexion\u00f3: \u201cQuiz\u00e1s la lecci\u00f3n m\u00e1s valiosa sea a\u00fan m\u00e1s amplia y nos muestre que la defensa de la democracia solo puede lograrse estando codo a codo con la gente\u201d.<\/p>\n<p>Luego, Cortina dio la bienvenida a los presentes y catalog\u00f3 como \u201ccrimen y tragedia\u201d al motivo del aniversario. \u201cLa Legislatura siempre estuvo al lado de Ucrania y siempre lo va a estar\u201d, destac\u00f3 el legislador. Tambi\u00e9n decret\u00f3 que la ideolog\u00eda que condujo a esta guerra \u201ces un anacronismo que consiste principalmente en la negaci\u00f3n de la historia, del idioma, de la voluntad y la cultura de una naci\u00f3n entera\u201d. A su vez subray\u00f3: \u201cTodos sabemos que la injusticia en cualquier parte del mundo es una amenazada para la justicia en el resto del mundo. Viva Ucrania\u201d.<\/p>\n<p>\u201cEsta es una Legislatura con profundo conocimiento y compromiso de los desaf\u00edos internacionales que enfrenta la Argentina y del lugar que la ciudad de buenos aires puede jugar en esa agenda internacional\u201c, destac\u00f3 Straface. Y destac\u00f3 \u201cel nivel de densidad\u201d de la comunidad presente en el Sal\u00f3n Dorado. \u201cEsto demuestra que la enorme mayor\u00eda del mundo democr\u00e1tico cree en valores universales de los derechos humanos, que tiene clar\u00edsimo que hay un solo lado correcto de la historia para estar frente a esta situaci\u00f3n\u201d, agreg\u00f3 el dirigente.<\/p>\n<p>Por su parte, Klymenko estableci\u00f3 que esta \u201cguerra imperialista\u201d afecta a todo el mundo y que pone en peligro la seguridad alimentaria mundial. \u201cEl mundo moderno est\u00e1 en el l\u00edmite entre la fuerza y el derecho. Y Ucrania lucha para que prevalezca la ley, el derecho y la carta de las Naciones Unidas\u201d, determin\u00f3 el embajador. Y agradeci\u00f3 el compromiso de la Ciudad de Buenos aires, que est\u00e1 comprometida \u201ca hacer m\u00e1s cercanos nuestros pa\u00edses y ciudades\u201d.<\/p>\n<p>A su turno, Piatkowska record\u00f3 que el pueblo polaco acompa\u00f1a al ucraniano y rememor\u00f3: \u201cLos polacos sabemos perfectamente qu\u00e9 significan guerra, privaci\u00f3n de la independencia, p\u00e9rdida de millones de ciudadanos, castigos por hablar polaco, crucificaci\u00f3n, deportaciones a Siberia. Juntos defendemos la libertad y juntos venceremos\u201d. Luego Lylik recalc\u00f3 la naturaleza \u201cpac\u00edfica y agradecida\u201d de los ucranianos y pidi\u00f3 no olvidar \u201clas lecciones de la historia\u201d.<\/p>\n<p>En tanto que Stanley remarc\u00f3 la figura de la Legislatura, ya que \u201cen marzo del a\u00f1o pasado dio un importante paso con su contundente declaraci\u00f3n p\u00fablica, en rechazo de la invasi\u00f3n rusa y la violaci\u00f3n de la soberan\u00eda y la integridad de Ucrania\u201d. Tambi\u00e9n Sante abog\u00f3 por el fin de la brutalidad de los soldados rusos, sentenci\u00f3 que no aceptar\u00e1n que se quebrante el derecho internacional y advirti\u00f3 que defender\u00e1n la democracia y el estado de derecho \u201ccon todos los recursos necesarios\u201d.<\/p>\n<p>Finalmente, S\u00e1nchez Rico agradeci\u00f3 al Cuerpo Legislativo por la iniciativa. \u201cEs una invasi\u00f3n en toda regla y una violaci\u00f3n a la carta de Naciones Unidas, bajo unos pretextos falsos\u201d, dictamin\u00f3. Y concluy\u00f3: \u201cQueremos la paz duradera para que Ucrania pueda decidir su futuro, pueda ser soberano y democr\u00e1tico. Para eso Putin debe perder esta guerra y vamos a estar hasta el final ayudando a Ucrania a ganar esta guerra\u201d.<\/p>\n<p><strong>Participaron tambi\u00e9n del acto los embajadores :<\/strong>Hussein Mohammad Abdulfatah Alassiri (Arabia Saudita), Karl Daheme (B\u00e9lgica), Stoyan Mihaylov (Bulgaria), In\u00e9s Elvira Herrera (Colombia), Saeed Abdulla Saif Joula Alqemzi (Emiratos \u00c1rabes Unidos), Bastislav Hindick\u00fd (Eslovaquia), Nicola Lill Lindertz (Finlandia), Celine Giusti (Francia), Gvaram Khandamishvili (Georgia), Elisabeth Fotiadou (Grecia), Fabrizio Lucentini (Italia), Hiroshi Yamauchi (Jap\u00f3n), Annemieke Alexandra Verrijp (Pa\u00edses Bajos), Aleksandra Maria Piatkowska (Polonia), Reid Douglas Sirrs (Canad\u00e1) y Mar\u00eda Jes\u00fas Alonso (Espa\u00f1a). Y los funcionarios Riyad M.A. Alhalabi (Palestina) y Elizabeth Ellen Green (Gran Breta\u00f1a).<\/p>\n","protected":false},"excerpt":{"rendered":"<p>Los legisladores de la Ciudad recordaron el primer a\u00f1o de la invasi\u00f3n de Rusia a Ucrania. El acto se llev\u00f3 a cabo el pasado viernes por la tarde, en el Sal\u00f3n Dorado y cont\u00f3 con la presencia del organizador y legislador Roy Cortina, el Vicepresidente Primero Emmanuel Ferrario, el secretario General y Relaciones Internacionales del [&hellip;]<\/p>\n","protected":false},"author":2,"featured_media":42726,"comment_status":"open","ping_status":"open","sticky":false,"template":"","format":"standard","meta":{"_et_pb_use_builder":"","_et_pb_old_content":"","_et_gb_content_width":"","footnotes":""},"categories":[11,33],"tags":[],"class_list":["post-42725","post","type-post","status-publish","format-standard","has-post-thumbnail","hentry","category-ciudad","category-sociedad-y-cultura-2"],"_links":{"self":[{"href":"https:\/\/vocesdebaires.com.ar\/index.php\/wp-json\/wp\/v2\/posts\/42725"}],"collection":[{"href":"https:\/\/vocesdebaires.com.ar\/index.php\/wp-json\/wp\/v2\/posts"}],"about":[{"href":"https:\/\/vocesdebaires.com.ar\/index.php\/wp-json\/wp\/v2\/types\/post"}],"author":[{"embeddable":true,"href":"https:\/\/vocesdebaires.com.ar\/index.php\/wp-json\/wp\/v2\/users\/2"}],"replies":[{"embeddable":true,"href":"https:\/\/vocesdebaires.com.ar\/index.php\/wp-json\/wp\/v2\/comments?post=42725"}],"version-history":[{"count":1,"href":"https:\/\/vocesdebaires.com.ar\/index.php\/wp-json\/wp\/v2\/posts\/42725\/revisions"}],"predecessor-version":[{"id":42727,"href":"https:\/\/vocesdebaires.com.ar\/index.php\/wp-json\/wp\/v2\/posts\/42725\/revisions\/42727"}],"wp:featuredmedia":[{"embeddable":true,"href":"https:\/\/vocesdebaires.com.ar\/index.php\/wp-json\/wp\/v2\/media\/42726"}],"wp:attachment":[{"href":"https:\/\/vocesdebaires.com.ar\/index.php\/wp-json\/wp\/v2\/media?parent=42725"}],"wp:term":[{"taxonomy":"category","embeddable":true,"href":"https:\/\/vocesdebaires.com.ar\/index.php\/wp-json\/wp\/v2\/categories?post=42725"},{"taxonomy":"post_tag","embeddable":true,"href":"https:\/\/vocesdebaires.com.ar\/index.php\/wp-json\/wp\/v2\/tags?post=42725"}],"curies":[{"name":"wp","href":"https:\/\/api.w.org\/{rel}","templated":true}]}}