{"id":4273,"date":"2019-12-09T03:10:49","date_gmt":"2019-12-09T06:10:49","guid":{"rendered":"http:\/\/vocesdebaires.com.ar\/wordpress\/index.php\/2019\/12\/09\/juraron-los-integrantes-de-las-comunas-portenas\/"},"modified":"2019-12-09T03:10:49","modified_gmt":"2019-12-09T06:10:49","slug":"juraron-los-integrantes-de-las-comunas-portenas","status":"publish","type":"post","link":"https:\/\/vocesdebaires.com.ar\/index.php\/2019\/12\/09\/juraron-los-integrantes-de-las-comunas-portenas\/","title":{"rendered":"Juraron los integrantes de las Comunas porte\u00f1as"},"content":{"rendered":"<p>Los 105 integrantes de las 15 Juntas Comunales de los 48 barrios de la Ciudad de Buenos Aires, electos el domingo 27 de octubre, juraron ante casi medio millar de vecinos en el Sal\u00f3n Dorado del Palacio Parlamentario. Diego Santilli, presidente de la Legislatura porte\u00f1a; Agust\u00edn Forchieri, vicepresidente I; Carlos Tomada, vicepresidente II y los jefes de bloque Mar\u00eda In\u00e9s Gorbea (EV), Mariano Recalde (UC) y Mar\u00eda Rosa Mui\u00f1os (BP), entre otros\u00a0legisladores \u00a0como Maximiliano Ferraro (VJ); les tomaron juramento a los 7 miembros (incluido su presidente) por cada una de las 15 Comunas, .<\/p>\n<p>En el acto estuvieron presentes Jorge Anzorreguy y Carlos \u2018Perico\u2019 P\u00e9rez, secretarios Administrativo y Parlamentario, respectivamente.El acto se inici\u00f3 cuando la locutora oficial dio la bienvenida a los asistentes. Forchieri record\u00f3 la ley 1777, sancionada en 2005, que estableci\u00f3 las normas de organizaci\u00f3n, competencia y funcionamiento de las Comunas, de acuerdo a lo dispuesto en la Constituci\u00f3n de la Ciudad. \u201cUstedes representan cada uno de los barrios\u201d y los invit\u00f3 a \u201ctrabajar con di\u00e1logo y respeto en la b\u00fasqueda de consensos\u201d, destac\u00f3 el vicepresidente I.<\/p>\n<p>Miembros de las Juntas Comunales<\/p>\n<p> N\u00f3mina de integrantes electos de la Comuna\u00a0 1\u00a0 <br \/>1 PORTELA LACANETTE LUCAS HORACIO Juntos por el Cambio 2 GONZALEZ HEBE SOFIA LUCIANA Frente de Todos 3 BARRIONUEVO MARIANA Juntos por el Cambio 4 MARTIODA CAMPOS IGNACIO Juntos por el Cambio 5 SANCHEZ GABRIEL ANTONIO Frente de Todos 6 DEICH MARIA FLORENCIA Juntos por el Cambio 7 GROSSI LUCIANA Frente de Todos<br \/> N\u00f3mina de integrantes electos de la Comuna\u00a0 2\u00a0 <br \/>1 REYNO GRONDONA RAMIRO PABLO Juntos por el Cambio 2 ARAYA ANDREA Juntos por el Cambio 3 LUPI IGNACIO Juntos por el Cambio 4 BIELSA LAUREANO Frente de Todos 5 RAYNELLI MARIANA Juntos por el Cambio 6 DEL NIDO MARTIN DIEGO Juntos por el Cambio 7 SIBURU MARIA Juntos por el Cambio<br \/> N\u00f3mina de integrantes electos de la Comuna\u00a0 3\u00a0 <br \/>1 COLLIN SILVIA RUTH Juntos por el Cambio 2 ZICOLILLO GABRIEL NICOLAS Frente de Todos 3 D ANGELO CARLOS LEONARDO Juntos por el Cambio 4 AGUERRIDO ALICIA BEATRIZ Frente de Todos 5 MONSERRAT NADIA JUDITH Juntos por el Cambio 6 VARELA MIGUEL ANGEL Frente de Todos 7 ITURRALDE JAVIER Juntos por el Cambio<br \/> N\u00f3mina de integrantes electos de la Comuna\u00a0 4\u00a0 <br \/>1 ALVAREZ IGNACIO Frente de Todos 2 CAPELLI EZEQUIEL MAT\u00cdAS Juntos por el Cambio 3 TENAGLIA VERONICA NOEMI Frente de Todos 4 SANCHEZ MARGARITA INES Juntos por el Cambio 5 BUJAN ROMERO ROBERTO ANGEL Frente de Todos 6 CACERES VICTOR HUGO Juntos por el Cambio 7 NOGUERA NATALIA CEFERINA Frente de Todos<br \/> N\u00f3mina de integrantes electos de la Comuna\u00a0 5\u00a0 <br \/>1 PERDOMO CARRICART SEBASTIAN Juntos por el Cambio 2 ACU\u00d1A MARTINEZ MARIA EUGENIA Frente de Todos 3 ALBAMONTE SILVIA Juntos por el Cambio 4 GORRETTA MARTIN HERNAN Frente de Todos 5 VAL MATIAS Juntos por el Cambio 6 CIVES ANALIA ISIS Frente de Todos 7 SANTANA ESTRELLA ALICIA Juntos por el Cambio<br \/>N\u00f3mina de integrantes electos de la Comuna\u00a0\u00a0\u00a0 6\u00a0 <br \/>1 BALLAN FEDERICO DANIEL Juntos por el Cambio 2 BALOSSI OSVALDO Frente de Todos 3 MACCALLINI JORGELINA Juntos por el Cambio 4 ABARCA IGNACIO AGUSTIN Juntos por el Cambio 5 QUINTEROS AGUSTINA Frente de Todos 6 GENINAZZI MARIA CRISTINA Juntos por el Cambio 7 IAMBRICH IVO ANDRES Juntos por el Cambio<br \/> N\u00f3mina de integrantes electos de la Comuna\u00a0 7\u00a0 <br \/>1 BOUZAS FEDERICO MARCELO Juntos por el Cambio 2 CAPPA JULIAN Frente de Todos 3 JOFRE RAMONA CARMEN Juntos por el Cambio 4 SBRAVATTI SILVIA MABEL Frente de Todos 5 IGLESIAS NESTOR OMAR Juntos por el Cambio 6 BERTINETTI ULISES GABRIEL Frente de Todos 7 BEVIVINO NATALIA Juntos por el Cambio<br \/> N\u00f3mina de integrantes electos de la Comuna\u00a0 8\u00a0 <br \/>1 EVINER MIGUEL ANGEL Frente de Todos 2 PANTANALI MATIAS DANIEL MIGUEL Juntos por el Cambio 3 LOITEGUI NAYLA BELEN Frente de Todos 4 COCA SILVIA ANALIA PILAR Juntos por el Cambio 5 WULFFE HECTOR MANUEL Frente de Todos 6 BENTIVENGA HUGO VICENTE Juntos por el Cambio 7 NU\u00d1EZ ELIANA YAMILA Frente de Todos<br \/>N\u00f3mina de integrantes electos de la Comuna\u00a0\u00a0\u00a0 9\u00a0 <br \/>1 MOSQUERA FANTONI MAXIMILIANO RODRIGO Juntos por el Cambio 2 CHAVES JUAN JOSE Frente de Todos 3 CLAPS ANA MARIA Juntos por el Cambio 4 CRESPO LORENA ANALIA Frente de Todos 5 POGGI HERNAN PABLO Juntos por el Cambio 6 PIRONE FAVIO ARIEL Frente de Todos 7 QUAGLIA SABRINA ELIZABETH Juntos por el Cambio<br \/> N\u00f3mina de integrantes electos de la Comuna\u00a0 10\u00a0 <br \/>1 PEDONE BALEGNO MAURO ALBERTO Juntos por el Cambio 2 MOYA FERNANDO GABRIEL Frente de Todos 3 MESPLEDE DANIELA BEATRIZ Juntos por el Cambio 4 ARIAS YANINA AYELEN Frente de Todos 5 MASCALI UBALDO Juntos por el Cambio 6 POQUET MARIA TERESA Juntos por el Cambio 7 PALADINI DANIEL DAVID Frente de Todos<br \/> N\u00f3mina de integrantes electos de la Comuna\u00a0 11\u00a0 <br \/>1 SUAREZ AGUSTIN Juntos por el Cambio 2 FERNANDEZ GASTON EZEQUIEL Frente de Todos 3 SATRIANO FABIANA NOEMI Juntos por el Cambio 4 MAINIERI NICOLAS EZEQUIEL Juntos por el Cambio 5 PUGLIESE VICTORIA Frente de Todos 6 MACCIONE CAROLINA ANTONIA Juntos por el Cambio 7 GRISOLIA SEBASTIAN HECTOR Juntos por el Cambio<br \/> N\u00f3mina de integrantes electos de la Comuna\u00a0 12\u00a0 <br \/>1 BORGES JORGE GABRIEL Juntos por el Cambio 2 ORTIZ MALDONADO PABLO GASTON Frente de Todos 3 VACA MELINA JIMENA Juntos por el Cambio 4 DEBESA MATIAS ALEJANDRO Juntos por el Cambio 5 MURUA KARINA SUSANA Frente de Todos 6 MACHIN MONICA LILIANA Juntos por el Cambio 7 SPINELLI NICOLAS SAUL Juntos por el Cambio<br \/> N\u00f3mina de integrantes electos de la Comuna\u00a0 13\u00a0 <br \/>1 SCAVINO FLORENCIA FABIANA Juntos por el Cambio 2 ANGELUCCI JULIAN Juntos por el Cambio 3 GAZALI ELIZABETH ALICIA Juntos por el Cambio 4 ACHILE DIEGO GONZALO Frente de Todos 5 WORTLEY FEDERICO TOMAS Juntos por el Cambio 6 MAZZITELLI SILVIA NORMA Juntos por el Cambio 7 CHENG YUAN CHI Juntos por el Cambio<br \/> N\u00f3mina de integrantes electos de la Comuna\u00a0 14 <br \/>1 CANTERA MARTIN OSCAR Juntos por el Cambio 2 FERREYRA MARIA ALEJANDRA Juntos por el Cambio 3 CARREIRA GRIOT MARIA PAZ Frente de Todos 4 RONZIO SERGIO DANIEL Juntos por el Cambio 5 BORKOWSKI ALICIA Juntos por el Cambio 6 BLANCO PEDRO HORACIO Juntos por el Cambio 7 URQUIZU FERNANDO VICTOR Frente de Todos<br \/>N\u00f3mina de integrantes electos de la Comuna 15\u00a0 <br \/>1 Garcilazo Martin Gonzalo Juntos por el Cambio 2 Tello Soledad Jazm\u00edn Luja\u00a0 Frente de Todos 3 Semmartin Natasha Juntos por el Cambio 4 Lucchese Di Leva Leonardo Gast\u00f3n\u00a0\u00a0 Frente de Todos 5 ALEGRE JUAN PABLO Juntos por el Cambio 6 BOLA\u00d1O NANCY VERONICA Frente de Todos 7 PUJOLLE MARIA VICTORIA Juntos por el Cambio<\/p>\n","protected":false},"excerpt":{"rendered":"<p>Los 105 integrantes de las 15 Juntas Comunales de los 48 barrios de la Ciudad de Buenos Aires, electos el domingo 27 de octubre, juraron ante casi medio millar de vecinos en el Sal\u00f3n Dorado del Palacio Parlamentario. Diego Santilli, presidente de la Legislatura porte\u00f1a; Agust\u00edn Forchieri, vicepresidente I; Carlos Tomada, vicepresidente II y los [&hellip;]<\/p>\n","protected":false},"author":1,"featured_media":4274,"comment_status":"open","ping_status":"open","sticky":false,"template":"","format":"standard","meta":{"_et_pb_use_builder":"","_et_pb_old_content":"","_et_gb_content_width":"","footnotes":""},"categories":[11,32],"tags":[],"class_list":["post-4273","post","type-post","status-publish","format-standard","has-post-thumbnail","hentry","category-ciudad","category-comunas"],"_links":{"self":[{"href":"https:\/\/vocesdebaires.com.ar\/index.php\/wp-json\/wp\/v2\/posts\/4273"}],"collection":[{"href":"https:\/\/vocesdebaires.com.ar\/index.php\/wp-json\/wp\/v2\/posts"}],"about":[{"href":"https:\/\/vocesdebaires.com.ar\/index.php\/wp-json\/wp\/v2\/types\/post"}],"author":[{"embeddable":true,"href":"https:\/\/vocesdebaires.com.ar\/index.php\/wp-json\/wp\/v2\/users\/1"}],"replies":[{"embeddable":true,"href":"https:\/\/vocesdebaires.com.ar\/index.php\/wp-json\/wp\/v2\/comments?post=4273"}],"version-history":[{"count":0,"href":"https:\/\/vocesdebaires.com.ar\/index.php\/wp-json\/wp\/v2\/posts\/4273\/revisions"}],"wp:featuredmedia":[{"embeddable":true,"href":"https:\/\/vocesdebaires.com.ar\/index.php\/wp-json\/wp\/v2\/media\/4274"}],"wp:attachment":[{"href":"https:\/\/vocesdebaires.com.ar\/index.php\/wp-json\/wp\/v2\/media?parent=4273"}],"wp:term":[{"taxonomy":"category","embeddable":true,"href":"https:\/\/vocesdebaires.com.ar\/index.php\/wp-json\/wp\/v2\/categories?post=4273"},{"taxonomy":"post_tag","embeddable":true,"href":"https:\/\/vocesdebaires.com.ar\/index.php\/wp-json\/wp\/v2\/tags?post=4273"}],"curies":[{"name":"wp","href":"https:\/\/api.w.org\/{rel}","templated":true}]}}