{"id":42735,"date":"2023-02-28T02:52:43","date_gmt":"2023-02-28T05:52:43","guid":{"rendered":"https:\/\/vocesdebaires.com.ar\/?p=42735"},"modified":"2023-02-28T02:52:43","modified_gmt":"2023-02-28T05:52:43","slug":"dia-del-guardaparques-se-trata-de-los-guardianes-de-parques-y-plazas","status":"publish","type":"post","link":"https:\/\/vocesdebaires.com.ar\/index.php\/2023\/02\/28\/dia-del-guardaparques-se-trata-de-los-guardianes-de-parques-y-plazas\/","title":{"rendered":"D\u00eda del Guardaparques: Se trata de los guardianes de parques y plazas"},"content":{"rendered":"<p>Su misi\u00f3n es cuidar el mantenimiento de las infraestructuras y la seguridad de ni\u00f1os y adultos en casi 200 espacios verdes de las 15 comunas porte\u00f1as; Buenos Aires cuenta con un equipo de 595 personas dedicadas a estas tareas. Con la celebraci\u00f3n del D\u00eda del Guardaparques, la Ciudad de Buenos Aires reivindica cada 27 de febrero las m\u00faltiples y variadas labores que los guardaparques realizan a diario en las plazas y parques de las 15 comunas porte\u00f1as. Un equipo de 595 personas desempe\u00f1a estas funciones en los espacios verdes de la ciudad.<\/p>\n<p>\u00abLos guardaparques de la ciudad cumplen un rol fundamental en el cuidado de la infraestructura p\u00fablica y tambi\u00e9n como verdaderos moderadores entre vecinos observando el buen uso de nuestras plazas para que exista una buena convivencia\u201d, destac\u00f3 Julia Domeniconi, secretaria de Atenci\u00f3n Ciudadana y Gesti\u00f3n Comunal de la Ciudad. Y agreg\u00f3: \u201cHoy celebramos un nuevo aniversario de la conformaci\u00f3n de este equipo de servidores p\u00fablicos, que adem\u00e1s integran el sistema integral de seguridad p\u00fablica y es tan valorado por nuestros vecinos\u00bb.<\/p>\n<p>La Subsecretar\u00eda de Gesti\u00f3n Comunal coordina junto a las quince comunas el funcionamiento de este servicio a la comunidad. Los guardaparques fomentan el respeto de las normas en armon\u00eda, constatan que las infraestructuras funcionen adecuadamente y reciben las inquietudes de los vecinos para mejorar la limpieza y\/o reparar o reponer mobiliario. Tambi\u00e9n tienen la responsabilidad de dar aviso inmediato cada vez que se produce una situaci\u00f3n de riesgo, por ejemplo ante una rama con peligro de ca\u00edda o un cable fuera de lugar.<\/p>\n<p>En sus funciones como servidores p\u00fablicos y guardianes del espacio verde, permanecen en comunicaci\u00f3n permanente con el Sistema Integral de Seguridad y trabajan en red con el resto de las fuerzas de seguridad para que estos concurridos espacios sean \u00e1mbitos seguros, amigables y accesibles para los ciudadanos.<br \/>\nLos agentes realizan sus tareas en horarios rotativos a lo largo de la semana, de ma\u00f1ana y de tarde. \u201cDisculpe, \u00bfvio una campera negra por casualidad?\u201d, pregunta un joven a Paola Batalla, guardaparques de la Plaza San Miguel de Garicoits, en Colegiales, en una soleada ma\u00f1ana de mi\u00e9rcoles.<\/p>\n<p>Minutos antes, fue la propia agente quien entreg\u00f3 a una vecina que acude con frecuencia a la plaza a hacer gimnasia una pelota que se dej\u00f3 olvidada el d\u00eda anterior. Tras inspeccionar la zona de juegos, la agente acelera el paso y se acerca a un vecino que pasea a su perro en la zona pr\u00f3xima al patio infantil para advertirle: \u201cEn esta \u00e1rea no se puede permanecer con animales\u201d. Los guardaparques son f\u00e1cilmente identificables en las plazas y parques de la Ciudad por el uso del correspondiente uniforme reglamentario.<\/p>\n<p>Los agentes est\u00e1n equipados con botiqu\u00edn de primeros auxilios y disponen de un silbato, herramienta que funciona como mecanismo de alerta ante emergencias, situaciones de riesgo, faltas y contravenciones. Es un instrumento que disuade de conductas o acciones erradas pero que solo puede ser utilizado cuando la distancia f\u00edsica entre el vecino y el agente es superior a 20 metros y siempre que no se pueda sustituir por la voz humana. Los guardaparques deben velar por el cumplimiento de las normas de buena conducta y convivencia en el espacio p\u00fablico.<\/p>\n<p>La Ley de faltas sanciona el fumar y\/o arrojar colillas o restos de cigarrillos, as\u00ed como da\u00f1ar el espacio p\u00fablico y su ocupaci\u00f3n con actividades lucrativas sin autorizaci\u00f3n o excedien\u00addo las medidas autorizadas. Cualquier da\u00f1o al arbolado p\u00fablico urbano tambi\u00e9n es sancionado. El agente tambi\u00e9n tiene el deber de alertar ante incumplimientos en materia de limpieza, barrido y recolecci\u00f3n de residuos, riego, control de malezas y limpieza de juegos infantiles, solados, mobiliario urbano, puntos verdes y caniles.<\/p>\n","protected":false},"excerpt":{"rendered":"<p>Su misi\u00f3n es cuidar el mantenimiento de las infraestructuras y la seguridad de ni\u00f1os y adultos en casi 200 espacios verdes de las 15 comunas porte\u00f1as; Buenos Aires cuenta con un equipo de 595 personas dedicadas a estas tareas. Con la celebraci\u00f3n del D\u00eda del Guardaparques, la Ciudad de Buenos Aires reivindica cada 27 de [&hellip;]<\/p>\n","protected":false},"author":3,"featured_media":42736,"comment_status":"open","ping_status":"open","sticky":false,"template":"","format":"standard","meta":{"_et_pb_use_builder":"","_et_pb_old_content":"","_et_gb_content_width":"","footnotes":""},"categories":[11,33],"tags":[],"class_list":["post-42735","post","type-post","status-publish","format-standard","has-post-thumbnail","hentry","category-ciudad","category-sociedad-y-cultura-2"],"_links":{"self":[{"href":"https:\/\/vocesdebaires.com.ar\/index.php\/wp-json\/wp\/v2\/posts\/42735"}],"collection":[{"href":"https:\/\/vocesdebaires.com.ar\/index.php\/wp-json\/wp\/v2\/posts"}],"about":[{"href":"https:\/\/vocesdebaires.com.ar\/index.php\/wp-json\/wp\/v2\/types\/post"}],"author":[{"embeddable":true,"href":"https:\/\/vocesdebaires.com.ar\/index.php\/wp-json\/wp\/v2\/users\/3"}],"replies":[{"embeddable":true,"href":"https:\/\/vocesdebaires.com.ar\/index.php\/wp-json\/wp\/v2\/comments?post=42735"}],"version-history":[{"count":1,"href":"https:\/\/vocesdebaires.com.ar\/index.php\/wp-json\/wp\/v2\/posts\/42735\/revisions"}],"predecessor-version":[{"id":42737,"href":"https:\/\/vocesdebaires.com.ar\/index.php\/wp-json\/wp\/v2\/posts\/42735\/revisions\/42737"}],"wp:featuredmedia":[{"embeddable":true,"href":"https:\/\/vocesdebaires.com.ar\/index.php\/wp-json\/wp\/v2\/media\/42736"}],"wp:attachment":[{"href":"https:\/\/vocesdebaires.com.ar\/index.php\/wp-json\/wp\/v2\/media?parent=42735"}],"wp:term":[{"taxonomy":"category","embeddable":true,"href":"https:\/\/vocesdebaires.com.ar\/index.php\/wp-json\/wp\/v2\/categories?post=42735"},{"taxonomy":"post_tag","embeddable":true,"href":"https:\/\/vocesdebaires.com.ar\/index.php\/wp-json\/wp\/v2\/tags?post=42735"}],"curies":[{"name":"wp","href":"https:\/\/api.w.org\/{rel}","templated":true}]}}