{"id":42740,"date":"2023-02-28T03:03:27","date_gmt":"2023-02-28T06:03:27","guid":{"rendered":"https:\/\/vocesdebaires.com.ar\/?p=42740"},"modified":"2023-02-28T03:03:27","modified_gmt":"2023-02-28T06:03:27","slug":"larreta-y-acuna-abrieron-el-ciclo-lectivo-del-ano-2023-en-la-ciudad","status":"publish","type":"post","link":"https:\/\/vocesdebaires.com.ar\/index.php\/2023\/02\/28\/larreta-y-acuna-abrieron-el-ciclo-lectivo-del-ano-2023-en-la-ciudad\/","title":{"rendered":"Larreta y Acu\u00f1a abrieron el ciclo lectivo del a\u00f1o 2023 en la Ciudad"},"content":{"rendered":"<p>El jefe de Gobierno porte\u00f1o, Horacio Rodr\u00edguez Larreta; y la ministra de Educaci\u00f3n, Soledad Acu\u00f1a, abrieron ayer el ciclo lectivo 2023 en la Ciudad, con m\u00e1s de 584 mil alumnos en las aulas de las escuelas p\u00fablicas y privadas. Rodriguez Larreta asegur\u00f3 que cada uno de esos d\u00edas se aprovechar\u00e1 al m\u00e1ximo. \u201cVamos profundizar la transformaci\u00f3n educativa que iniciamos hace 15 a\u00f1os con Mauricio y que hoy tiene avances en la infraestructura, en la capacitaci\u00f3n docente, en la incorporaci\u00f3n de tecnolog\u00eda en las aulas y en la mejora de los contenidos\u201d, remarc\u00f3.<\/p>\n<p>El acto por el inicio del ciclo lectivo se realiz\u00f3 en la Escuela Primaria N\u00b0 21 D.E 5, ubicada en Parque Patricios. Inaugurada en 2022, a partir de este a\u00f1o ser\u00e1 una de las 19 nuevas escuelas p\u00fablicas biling\u00fces que tendr\u00e1 Buenos Aires.\u201cUno de los pilares de esta transformaci\u00f3n fue haber incorporado ingl\u00e9s desde primer grado, en 2009. El objetivo era que todos los chicos salgan con un conocimiento b\u00e1sico del idioma, para que puedan avanzar en sus estudios y ser cada d\u00eda m\u00e1s competitivos en el mercado laboral del Siglo XXI\u201d, explic\u00f3 Rodr\u00edguez Larreta, acompa\u00f1ado por el jefe de Gabinete, Felipe Miguel; el director de la Escuela Primaria N\u00b0 21 D.E 5, Carlos L\u00f3pez; y su vicedirectora, Gabriela Santoro.<\/p>\n<p>\u201cSin importar en qu\u00e9 lugar de la Argentina nazcas, ten\u00e9s que tener la posibilidad de educarte. Queremos que en todo el pa\u00eds los chicos cumplan el calendario obligatorio, que terminen la primaria sabiendo leer y escribir bien, que dominen la tecnolog\u00eda, que tengan pr\u00e1cticas en ambientes laborales para vincularse al mundo del trabajo y que tengan docentes capacitados y bien pagos\u201d, afirm\u00f3 el Jefe de Gobierno. Al respecto, concluy\u00f3: \u201cJuntos, vamos a lograr que la educaci\u00f3n sea la herramienta para el cambio en Argentina\u201d.<\/p>\n<p>Foto:Marcos Brindicci y Juan Cruz \/GCBA<\/p>\n","protected":false},"excerpt":{"rendered":"<p>El jefe de Gobierno porte\u00f1o, Horacio Rodr\u00edguez Larreta; y la ministra de Educaci\u00f3n, Soledad Acu\u00f1a, abrieron ayer el ciclo lectivo 2023 en la Ciudad, con m\u00e1s de 584 mil alumnos en las aulas de las escuelas p\u00fablicas y privadas. Rodriguez Larreta asegur\u00f3 que cada uno de esos d\u00edas se aprovechar\u00e1 al m\u00e1ximo. \u201cVamos profundizar la [&hellip;]<\/p>\n","protected":false},"author":3,"featured_media":42741,"comment_status":"open","ping_status":"open","sticky":false,"template":"","format":"standard","meta":{"_et_pb_use_builder":"","_et_pb_old_content":"","_et_gb_content_width":"","footnotes":""},"categories":[11,33],"tags":[],"class_list":["post-42740","post","type-post","status-publish","format-standard","has-post-thumbnail","hentry","category-ciudad","category-sociedad-y-cultura-2"],"_links":{"self":[{"href":"https:\/\/vocesdebaires.com.ar\/index.php\/wp-json\/wp\/v2\/posts\/42740"}],"collection":[{"href":"https:\/\/vocesdebaires.com.ar\/index.php\/wp-json\/wp\/v2\/posts"}],"about":[{"href":"https:\/\/vocesdebaires.com.ar\/index.php\/wp-json\/wp\/v2\/types\/post"}],"author":[{"embeddable":true,"href":"https:\/\/vocesdebaires.com.ar\/index.php\/wp-json\/wp\/v2\/users\/3"}],"replies":[{"embeddable":true,"href":"https:\/\/vocesdebaires.com.ar\/index.php\/wp-json\/wp\/v2\/comments?post=42740"}],"version-history":[{"count":1,"href":"https:\/\/vocesdebaires.com.ar\/index.php\/wp-json\/wp\/v2\/posts\/42740\/revisions"}],"predecessor-version":[{"id":42742,"href":"https:\/\/vocesdebaires.com.ar\/index.php\/wp-json\/wp\/v2\/posts\/42740\/revisions\/42742"}],"wp:featuredmedia":[{"embeddable":true,"href":"https:\/\/vocesdebaires.com.ar\/index.php\/wp-json\/wp\/v2\/media\/42741"}],"wp:attachment":[{"href":"https:\/\/vocesdebaires.com.ar\/index.php\/wp-json\/wp\/v2\/media?parent=42740"}],"wp:term":[{"taxonomy":"category","embeddable":true,"href":"https:\/\/vocesdebaires.com.ar\/index.php\/wp-json\/wp\/v2\/categories?post=42740"},{"taxonomy":"post_tag","embeddable":true,"href":"https:\/\/vocesdebaires.com.ar\/index.php\/wp-json\/wp\/v2\/tags?post=42740"}],"curies":[{"name":"wp","href":"https:\/\/api.w.org\/{rel}","templated":true}]}}