{"id":42757,"date":"2023-03-01T01:30:11","date_gmt":"2023-03-01T04:30:11","guid":{"rendered":"https:\/\/vocesdebaires.com.ar\/?p=42757"},"modified":"2023-03-01T01:30:11","modified_gmt":"2023-03-01T04:30:11","slug":"centros-de-primera-infanciainiciaron-sus-actividades","status":"publish","type":"post","link":"https:\/\/vocesdebaires.com.ar\/index.php\/2023\/03\/01\/centros-de-primera-infanciainiciaron-sus-actividades\/","title":{"rendered":"Centros de Primera Infancia:Iniciaron sus actividades"},"content":{"rendered":"<p>Con m\u00e1s de 9.000 inscriptos, de las 11.000 vacantes que se completar\u00e1n durante el mes de marzo, se dio inicio al ciclo 2023 de los CPI de la Ciudad de Buenos Aires. El programa \u201cCentros de Primera Infancia, que cuenta con m\u00e1s de 70 CPIs distribuidos en toda la Ciudad (16 en Barrios Populares), proyecta 3 nuevas aperturas para este a\u00f1o: Villa 15, Lugano 1 y 2 y Parque Chacabuco.<\/p>\n<p>Los Centros de Primera Infancia tienen como objetivo general garantizar el crecimiento y desarrollo saludable de las ni\u00f1as y los ni\u00f1os de 45 d\u00edas a 3 a\u00f1os de edad en situaci\u00f3n de vulnerabilidad social de la Ciudad Aut\u00f3noma de Buenos Aires, en pos de favorecer la promoci\u00f3n y protecci\u00f3n de sus derechos. \u201cEl est\u00edmulo de los ni\u00f1os y ni\u00f1as en sus primeros a\u00f1os de vida es muy importante para su desarrollo integral. Por eso, en este nuevo inicio de clases, continuamos trabajando con todos los actores, para tener una mejor educaci\u00f3n y un mejor futuro para nuestros chicos y chicas\u201d, afirm\u00f3 Mar\u00eda Migliore.<\/p>\n<p>\u201cLos CPIs son un pilar central de la pol\u00edtica social, de desarrollo y de educaci\u00f3n en la Ciudad de Buenos Aires\u201d, asegur\u00f3 la ministra de la cartera de Desarrollo Humano y H\u00e1bitat. Este a\u00f1o el Programa contar\u00e1 con capacitaciones para todo el personal docente en sala, Ciclos de conferencias sobre diferentes temas relacionado a las Infancias, Proyectos de Concientizaci\u00f3n y Sensibilizaciones en Lactancias y Campa\u00f1as de Prevenci\u00f3n para la prevenci\u00f3n de Enfermedades en los alimentos.<\/p>\n<p>Adem\u00e1s, los Centros de Primera Infancia, buscan garantizar el crecimiento y desarrollo saludable de ni\u00f1os y ni\u00f1as; brindar elementos b\u00e1sicos para la satisfacci\u00f3n de las necesidades fisiol\u00f3gicas, afectivas, psicomotrices, de juego, recreaci\u00f3n y socializaci\u00f3n; crear un espacio propicio para la estimulaci\u00f3n temprana y la adquisici\u00f3n de h\u00e1bitos; ofrecer contenci\u00f3n y asistencia a las familias; y brindar informaci\u00f3n y contenci\u00f3n a las mujeres embarazadas sobre aspectos fundamentales de cuidado del embarazo, el parto y los primeros meses de cuidado de su hijo.<\/p>\n<p>Dotados de equipos t\u00e9cnicos integrados por profesionales del trabajo social, la psicomotricidad y la psicopedagog\u00eda, los CPI acercan herramientas de car\u00e1cter diferencial y multidisciplinario y llevan adelante actividades grupales e inclusivas para fortalecer el desarrollo psicomotriz, proponiendo as\u00ed un aprendizaje mutuo de los saberes con las familias.<\/p>\n","protected":false},"excerpt":{"rendered":"<p>Con m\u00e1s de 9.000 inscriptos, de las 11.000 vacantes que se completar\u00e1n durante el mes de marzo, se dio inicio al ciclo 2023 de los CPI de la Ciudad de Buenos Aires. El programa \u201cCentros de Primera Infancia, que cuenta con m\u00e1s de 70 CPIs distribuidos en toda la Ciudad (16 en Barrios Populares), proyecta [&hellip;]<\/p>\n","protected":false},"author":2,"featured_media":42758,"comment_status":"open","ping_status":"open","sticky":false,"template":"","format":"standard","meta":{"_et_pb_use_builder":"","_et_pb_old_content":"","_et_gb_content_width":"","footnotes":""},"categories":[11,33],"tags":[],"class_list":["post-42757","post","type-post","status-publish","format-standard","has-post-thumbnail","hentry","category-ciudad","category-sociedad-y-cultura-2"],"_links":{"self":[{"href":"https:\/\/vocesdebaires.com.ar\/index.php\/wp-json\/wp\/v2\/posts\/42757"}],"collection":[{"href":"https:\/\/vocesdebaires.com.ar\/index.php\/wp-json\/wp\/v2\/posts"}],"about":[{"href":"https:\/\/vocesdebaires.com.ar\/index.php\/wp-json\/wp\/v2\/types\/post"}],"author":[{"embeddable":true,"href":"https:\/\/vocesdebaires.com.ar\/index.php\/wp-json\/wp\/v2\/users\/2"}],"replies":[{"embeddable":true,"href":"https:\/\/vocesdebaires.com.ar\/index.php\/wp-json\/wp\/v2\/comments?post=42757"}],"version-history":[{"count":1,"href":"https:\/\/vocesdebaires.com.ar\/index.php\/wp-json\/wp\/v2\/posts\/42757\/revisions"}],"predecessor-version":[{"id":42759,"href":"https:\/\/vocesdebaires.com.ar\/index.php\/wp-json\/wp\/v2\/posts\/42757\/revisions\/42759"}],"wp:featuredmedia":[{"embeddable":true,"href":"https:\/\/vocesdebaires.com.ar\/index.php\/wp-json\/wp\/v2\/media\/42758"}],"wp:attachment":[{"href":"https:\/\/vocesdebaires.com.ar\/index.php\/wp-json\/wp\/v2\/media?parent=42757"}],"wp:term":[{"taxonomy":"category","embeddable":true,"href":"https:\/\/vocesdebaires.com.ar\/index.php\/wp-json\/wp\/v2\/categories?post=42757"},{"taxonomy":"post_tag","embeddable":true,"href":"https:\/\/vocesdebaires.com.ar\/index.php\/wp-json\/wp\/v2\/tags?post=42757"}],"curies":[{"name":"wp","href":"https:\/\/api.w.org\/{rel}","templated":true}]}}