{"id":42762,"date":"2023-03-01T01:46:23","date_gmt":"2023-03-01T04:46:23","guid":{"rendered":"https:\/\/vocesdebaires.com.ar\/?p=42762"},"modified":"2023-03-01T01:46:23","modified_gmt":"2023-03-01T04:46:23","slug":"santilli-apunto-contra-kicillof-tras-la-modificacion-del-ips","status":"publish","type":"post","link":"https:\/\/vocesdebaires.com.ar\/index.php\/2023\/03\/01\/santilli-apunto-contra-kicillof-tras-la-modificacion-del-ips\/","title":{"rendered":"Santilli apunt\u00f3 contra Kicillof tras la modificaci\u00f3n del IPS"},"content":{"rendered":"<p>El diputado nacional y candidato a gobernador de Juntos por el Cambio asegur\u00f3 que los nuevos cambios implementados en el Instituto de Previsi\u00f3n Social representan un aumento del gasto de $350 millones de pesos para la Provincia de Buenos Aires. Diego Santilli apunt\u00f3 contra el gobernador bonaerense, Axel Kicillof, despu\u00e9s de que se conocieran las modificaciones en la estructura del Instituto de Previsi\u00f3n Social de la Provincia de Buenos Aires (IPS), y asegur\u00f3 que el \u00fanico objetivo que persigue esta medida es \u201caumentar los cargos rentados con fines pol\u00edticos\u201d.<\/p>\n<p>El pasado martes se public\u00f3 en el Bolet\u00edn Oficial de la Provincia de Buenos Aires el decreto 224\/2023, que contempla la modificaci\u00f3n de la estructura org\u00e1nica del IPS. Esta medida implica un fuerte aumento en la cantidad de cargos del ente: los directores provinciales, que hasta ahora eran 2, pasar\u00e1n a ser 4, los directores de l\u00ednea pasar\u00e1n de ser 8 a 34, los subdirectores pasar\u00e1n de ser 1 a ser 19 y los jefes de departamentos pasar\u00e1n de ser 6 a ser 88.<\/p>\n<p>\u201cBuenas noticias para los amigos de @kicillofok en el Bolet\u00edn Oficial de hoy: 128 nuevos puestos pol\u00edticos en el Instituto de Previsi\u00f3n Social (IPS). #FaltaMenos para que la Provincia deje de ser un refugio de La C\u00e1mpora\u201d, poste\u00f3 Santilli en sus redes sociales despu\u00e9s de que se diera a conocer la reglamentaci\u00f3n. En ese sentido, agreg\u00f3: \u201cA los bonaerenses estos nuevos 128 cargos pol\u00edticos les cuestan $350 millones al a\u00f1o. Estas son las prioridades de un gobierno ausente, donde la inseguridad es moneda corriente, donde no se promueve el trabajo privado, donde no hay un plan de reducci\u00f3n de impuestos y no se alienta a la producci\u00f3n y al sector productivo. Ya van m\u00e1s de 45 mil empleados p\u00fablicos desde que asumieron.<\/p>\n<p>Esa es la \u00fanica pol\u00edtica de Estado: aumentar el gasto pol\u00edtico\u00bb. El IPS es un organismo descentralizado que se vincula con el Poder Ejecutivo a trav\u00e9s del Ministerio de Trabajo y tiene a su cargo la administraci\u00f3n de los reg\u00edmenes de reparto asistidos para el personal de la administraci\u00f3n central, municipios, docentes, servicio penitenciario y otros reg\u00edmenes especiales.<\/p>\n<p>El d\u00e9ficit previsional estructural que presenta el organismo, como consecuencia de la existencia de par\u00e1metros previsionales desalineados y una tasa de sostenibilidad demogr\u00e1fica (cantidad de activos en relaci\u00f3n a pasivos) que se viene deteriorando en los \u00faltimos a\u00f1os, representa uno de los mayores problemas de la administraci\u00f3n de la provincia de Buenos Aires. A\u00f1o tras a\u00f1o aumenta el d\u00e9ficit del IPS. En 2021 arroj\u00f3 una p\u00e9rdida de casi $80.000 millones, que represent\u00f3 un tercio del d\u00e9ficit total de la Provincia, y para fines de este a\u00f1o se prev\u00e9 que el n\u00famero crezca en torno a los $100.000 millones.<\/p>\n<p>Entre los principales factores que explican los n\u00fameros en rojo del ente se destacan las condiciones de excepcionalidad con las que acceden a la jubilaci\u00f3n quienes aportan al Instituto, edades tempranas para acceder a la jubilaci\u00f3n por vejez, tasas de sustituci\u00f3n entre la jubilaci\u00f3n y el salario m\u00e1s altas que las de ANSES o de la mayor\u00eda de las cajas provinciales, la facultad de computar los mejores ingresos de per\u00edodos cortos (tres a\u00f1os continuos o cinco discontinuos) para la determinaci\u00f3n del haber inicial y la existencia de varios reg\u00edmenes especiales con par\u00e1metros a\u00fan m\u00e1s laxos.<\/p>\n<p>A pesar del aumento del d\u00e9ficit del IPS, el aumento en la esperanza de vida de las personas y el proceso de disminuci\u00f3n de la tasa de sostenimiento demogr\u00e1fico que ha tenido lugar en las \u00faltimas cinco d\u00e9cadas, la Provincia de Buenos Aires no ha realizado ning\u00fan cambio param\u00e9trico en los \u00faltimos 40 a\u00f1os y la gesti\u00f3n de Kicillof increment\u00f3 el tama\u00f1o de la estructura del ente, agravando la situaci\u00f3n. \u201cEl resultado de estos cambios es una estructura sobrerrepresentada que de ninguna manera responde a los requerimientos del organismo, sino que persigue como \u00fanico objetivo aumentar los cargos rentados con fines pol\u00edticos, marca registrada de la administraci\u00f3n Kicillof\u201d, concluy\u00f3 Santilli.<\/p>\n<p>En el marco de un a\u00f1o signado por el proceso electoral que se llevar\u00e1 a cabo en todo el pa\u00eds, el jefe de Gobierno de la Ciudad Aut\u00f3noma de Buenos Aires, Horacio Rodr\u00edguez Larreta, asistir\u00e1 este mi\u00e9rcoles a las 8 a la Legislatura porte\u00f1a para darle inicio al periodo de sesiones ordinarias 2023. El decreto que formaliza la convocatoria a la apertura de sesiones lleva la firma del vicepresidente primero de la Legislatura de la Ciudad y diputado de Vamos Juntos, Emmanuel Ferrario, y el secretario parlamentario Pablo Schillagi.<\/p>\n","protected":false},"excerpt":{"rendered":"<p>El diputado nacional y candidato a gobernador de Juntos por el Cambio asegur\u00f3 que los nuevos cambios implementados en el Instituto de Previsi\u00f3n Social representan un aumento del gasto de $350 millones de pesos para la Provincia de Buenos Aires. Diego Santilli apunt\u00f3 contra el gobernador bonaerense, Axel Kicillof, despu\u00e9s de que se conocieran las [&hellip;]<\/p>\n","protected":false},"author":2,"featured_media":42763,"comment_status":"open","ping_status":"open","sticky":false,"template":"","format":"standard","meta":{"_et_pb_use_builder":"","_et_pb_old_content":"","_et_gb_content_width":"","footnotes":""},"categories":[34,13],"tags":[],"class_list":["post-42762","post","type-post","status-publish","format-standard","has-post-thumbnail","hentry","category-politica","category-provincia"],"_links":{"self":[{"href":"https:\/\/vocesdebaires.com.ar\/index.php\/wp-json\/wp\/v2\/posts\/42762"}],"collection":[{"href":"https:\/\/vocesdebaires.com.ar\/index.php\/wp-json\/wp\/v2\/posts"}],"about":[{"href":"https:\/\/vocesdebaires.com.ar\/index.php\/wp-json\/wp\/v2\/types\/post"}],"author":[{"embeddable":true,"href":"https:\/\/vocesdebaires.com.ar\/index.php\/wp-json\/wp\/v2\/users\/2"}],"replies":[{"embeddable":true,"href":"https:\/\/vocesdebaires.com.ar\/index.php\/wp-json\/wp\/v2\/comments?post=42762"}],"version-history":[{"count":1,"href":"https:\/\/vocesdebaires.com.ar\/index.php\/wp-json\/wp\/v2\/posts\/42762\/revisions"}],"predecessor-version":[{"id":42764,"href":"https:\/\/vocesdebaires.com.ar\/index.php\/wp-json\/wp\/v2\/posts\/42762\/revisions\/42764"}],"wp:featuredmedia":[{"embeddable":true,"href":"https:\/\/vocesdebaires.com.ar\/index.php\/wp-json\/wp\/v2\/media\/42763"}],"wp:attachment":[{"href":"https:\/\/vocesdebaires.com.ar\/index.php\/wp-json\/wp\/v2\/media?parent=42762"}],"wp:term":[{"taxonomy":"category","embeddable":true,"href":"https:\/\/vocesdebaires.com.ar\/index.php\/wp-json\/wp\/v2\/categories?post=42762"},{"taxonomy":"post_tag","embeddable":true,"href":"https:\/\/vocesdebaires.com.ar\/index.php\/wp-json\/wp\/v2\/tags?post=42762"}],"curies":[{"name":"wp","href":"https:\/\/api.w.org\/{rel}","templated":true}]}}