{"id":42765,"date":"2023-03-01T01:48:58","date_gmt":"2023-03-01T04:48:58","guid":{"rendered":"https:\/\/vocesdebaires.com.ar\/?p=42765"},"modified":"2023-03-01T01:48:58","modified_gmt":"2023-03-01T04:48:58","slug":"vuelta-a-clases-en-la-ciudad-con-392-senderos-escolares","status":"publish","type":"post","link":"https:\/\/vocesdebaires.com.ar\/index.php\/2023\/03\/01\/vuelta-a-clases-en-la-ciudad-con-392-senderos-escolares\/","title":{"rendered":"Vuelta a clases en la Ciudad con 392 Senderos Escolares"},"content":{"rendered":"<p>El Ministerio de Justicia y Seguridad despleg\u00f3 para este comienzo de clases unos 392 Senderos Escolares para que unos 610 mil estudiantes est\u00e9n m\u00e1s seguros en el ingreso y egreso de los colegios iniciales, primarios y secundarios de la Ciudad, con el despliegue de todo el Sistema Integral de Seguridad P\u00fablica. Los Senderos Escolares incluyen 1700 establecimientos que est\u00e1n cubiertos por casi 700 Agentes de Prevenci\u00f3n, respaldados por efectivos de la Polic\u00eda de la Ciudad, Agentes de Tr\u00e1nsito y las 15 mil c\u00e1maras de videovigilancia que supervisan los Centros de Monitoreo Urbano (CMU).<\/p>\n<p>En estos corredores estrat\u00e9gicos se desplazan los Agentes de Prevenci\u00f3n para cuidar el camino que va desde las escuelas hasta los puntos cercanos con mayor circulaci\u00f3n y estar atentos a las necesidades de la comunidad educativa y de todos los vecinos. Los Agentes de Prevenci\u00f3n se ubican en las puertas de las escuelas durante la entrada y salida de los alumnos y fuera de esos horarios recorren las inmediaciones m\u00e1s concurridas, como avenidas y paradas de transporte p\u00fablico.<\/p>\n<p>Adem\u00e1s, fomentan las normas de convivencia, orientan sobre prevenci\u00f3n y orden p\u00fablico, detectan problemas, riesgos y act\u00faan o avisan a quien corresponda.<br \/>\nEl programa Senderos Escolares, que se implementa desde 2017 por la Subsecretar\u00eda de Participaci\u00f3n Ciudadana del Ministerio de Justicia y Seguridad de la Ciudad, se caracteriza por ser din\u00e1mico y las trazas se modifican seg\u00fan cada nueva necesidad.<\/p>\n<p>Los Senderos Escolares y las escuelas cubiertas pueden consultarse en el buscador oficial, buenosaires.gob.ar\/senderos-escolares, o v\u00eda Boti, el chatbot de la Ciudad, en buenosaires.gob.ar y a trav\u00e9s de WhatsApp, en el 1150500147. La b\u00fasqueda es por nombre o direcci\u00f3n de la escuela, o bien enviando la propia ubicaci\u00f3n, a lo que la app responder\u00e1 con el sendero m\u00e1s cercano.<\/p>\n<p><strong>Agentes Capacitados<\/strong><br \/>\nLos Agentes de Prevenci\u00f3n se capacitan sobre sus funciones en los Senderos Escolares en el Instituto Superior de Seguridad P\u00fablica (ISSP), donde tambi\u00e9n reciben instrucciones y t\u00e9cnicas sobre pol\u00edticas de seguridad, herramientas de disuasi\u00f3n, control de urbanismo, resoluci\u00f3n de conflictos, pol\u00edtica p\u00fablica dirigida a las personas mayores, formaci\u00f3n f\u00edsica y t\u00e9cnicas de reanimaci\u00f3n cardiopulmonar (RCP), entre otras \u00e1reas. Adem\u00e1s de los requisitos psicof\u00edsicos que deben cumplir, entre las cualidades m\u00e1s buscadas en los aspirantes a Agentes de Prevenci\u00f3n est\u00e1n la vocaci\u00f3n de servicio, la empat\u00eda, la disciplina y la habilidad para trabajar en equipo.<\/p>\n<p>Estos Agentes se desplazan se desplazan a pie y en bicicleta, no portan armas, est\u00e1n atentos a las necesidades de los vecinos y son el v\u00ednculo entre la comunidad y las fuerzas de seguridad. Fomentan las normas de convivencia; ofrecen orientaci\u00f3n sobre prevenci\u00f3n y orden p\u00fablico; revelan problemas, riesgos y dan aviso al \u00e1rea que corresponda, como la Polic\u00eda de la Ciudad, el SAME, Bomberos de la Ciudad o Defensa Civil. Cada uno porta un tel\u00e9fono celular oficial monitoreado que permite no solo conocer su ubicaci\u00f3n en tiempo real sino que desde all\u00ed puede comunicarse r\u00e1pidamente con el 911 para pedir asistencia.<\/p>\n","protected":false},"excerpt":{"rendered":"<p>El Ministerio de Justicia y Seguridad despleg\u00f3 para este comienzo de clases unos 392 Senderos Escolares para que unos 610 mil estudiantes est\u00e9n m\u00e1s seguros en el ingreso y egreso de los colegios iniciales, primarios y secundarios de la Ciudad, con el despliegue de todo el Sistema Integral de Seguridad P\u00fablica. Los Senderos Escolares incluyen [&hellip;]<\/p>\n","protected":false},"author":2,"featured_media":42766,"comment_status":"open","ping_status":"open","sticky":false,"template":"","format":"standard","meta":{"_et_pb_use_builder":"","_et_pb_old_content":"","_et_gb_content_width":"","footnotes":""},"categories":[11,33],"tags":[],"class_list":["post-42765","post","type-post","status-publish","format-standard","has-post-thumbnail","hentry","category-ciudad","category-sociedad-y-cultura-2"],"_links":{"self":[{"href":"https:\/\/vocesdebaires.com.ar\/index.php\/wp-json\/wp\/v2\/posts\/42765"}],"collection":[{"href":"https:\/\/vocesdebaires.com.ar\/index.php\/wp-json\/wp\/v2\/posts"}],"about":[{"href":"https:\/\/vocesdebaires.com.ar\/index.php\/wp-json\/wp\/v2\/types\/post"}],"author":[{"embeddable":true,"href":"https:\/\/vocesdebaires.com.ar\/index.php\/wp-json\/wp\/v2\/users\/2"}],"replies":[{"embeddable":true,"href":"https:\/\/vocesdebaires.com.ar\/index.php\/wp-json\/wp\/v2\/comments?post=42765"}],"version-history":[{"count":1,"href":"https:\/\/vocesdebaires.com.ar\/index.php\/wp-json\/wp\/v2\/posts\/42765\/revisions"}],"predecessor-version":[{"id":42767,"href":"https:\/\/vocesdebaires.com.ar\/index.php\/wp-json\/wp\/v2\/posts\/42765\/revisions\/42767"}],"wp:featuredmedia":[{"embeddable":true,"href":"https:\/\/vocesdebaires.com.ar\/index.php\/wp-json\/wp\/v2\/media\/42766"}],"wp:attachment":[{"href":"https:\/\/vocesdebaires.com.ar\/index.php\/wp-json\/wp\/v2\/media?parent=42765"}],"wp:term":[{"taxonomy":"category","embeddable":true,"href":"https:\/\/vocesdebaires.com.ar\/index.php\/wp-json\/wp\/v2\/categories?post=42765"},{"taxonomy":"post_tag","embeddable":true,"href":"https:\/\/vocesdebaires.com.ar\/index.php\/wp-json\/wp\/v2\/tags?post=42765"}],"curies":[{"name":"wp","href":"https:\/\/api.w.org\/{rel}","templated":true}]}}