{"id":42768,"date":"2023-03-01T01:52:19","date_gmt":"2023-03-01T04:52:19","guid":{"rendered":"https:\/\/vocesdebaires.com.ar\/?p=42768"},"modified":"2023-03-01T01:52:19","modified_gmt":"2023-03-01T04:52:19","slug":"horacio-larreta-inaugurara-un-nuevo-periodo-de-sesiones-ordinarias","status":"publish","type":"post","link":"https:\/\/vocesdebaires.com.ar\/index.php\/2023\/03\/01\/horacio-larreta-inaugurara-un-nuevo-periodo-de-sesiones-ordinarias\/","title":{"rendered":"Horacio Larreta: Inaugurar\u00e1 un nuevo per\u00edodo de sesiones ordinarias"},"content":{"rendered":"<p>El jefe de Gobierno de la Ciudad presentar\u00e1 hoy mi\u00e9rcoles a las 8 , un nuevo periodo de sesiones ordinarias y se prev\u00e9 que brinde detalles acerca de las medidas gubernamentales que implementar\u00e1 a lo largo del a\u00f1o. Larreta dar\u00e1 comienzo con un discurso ante la Legislatura junto con el vicepresidente del cuerpo,legislador porte\u00f1o Emmanuel Ferrario (VJ).En el marco de un a\u00f1o signado por el proceso electoral que se llevar\u00e1 a cabo en todo el pa\u00eds, el jefe de Gobierno de la Ciudad Aut\u00f3noma de Buenos Aires<\/p>\n<p>El decreto que formaliza la convocatoria a la apertura de sesiones lleva la firma del vicepresidente primero de la Legislatura de la Ciudad y diputado de Vamos Juntos, Emmanuel Ferrario, y el secretario parlamentario Pablo Schillagi. se prev\u00e9 que el alcalde local de detalles acerca de las medidas gubernamentales que implementar\u00e1 a lo largo del a\u00f1o y haga un profundo repaso acerca de todas las que se aplicaron hasta el momento, especialmente en materia de integraci\u00f3n socio urbana y obras p\u00fablicas .<\/p>\n<p>Adem\u00e1s se esperan fuertes reclamos contra el Gobierno de Alberto Fern\u00e1ndez por la crisis econ\u00f3mica, educativa, social y de salud que atraviesa el pa\u00eds. Tambi\u00e9n se prev\u00e9 que de deslice algunos de los ejes de su campa\u00f1a electoral como precandidato a presidente por Juntos por el Cambio (JxC). Cabe recordar que esta es la octava vez que Rodr\u00edguez Larreta inicia un per\u00edodo parlamentario, dado que la primera vez lo hizo el 1 de marzo de 2016 tras asumir el cargo el 9 de diciembre del 2015.<\/p>\n<p><strong>Haciendo Historia<\/strong><br \/>\nEl primer per\u00edodo de Sesiones Ordinarias de la Legislatura se inaugur\u00f3 el 1 de marzo de 1998 y desde entonces asistieron los responsables del Poder Ejecutivo <strong>seg\u00fan se detalla a continuaci\u00f3n:<\/strong><br \/>\nPer\u00edodo I (1998) y II (1999): Dr. Fernando de la R\u00faa; III (2000): Dr. Enrique Olivera; IV (2001), V (2002), VI (2003), VII (2004) y VIII (2005): Dr. An\u00edbal Ibarra; IX (2006) y X (2007): Jorge Telerman. En tanto, la apertura de los per\u00edodos XI (2008), XII (2009), XIII (2010), XIV (2011), XV (2012), XVI (2013), XVII (2014) y XVIII (2015) fueron realizadas por el Ing. Mauricio Macri; y los per\u00edodos XIX (2016), XX (2017), XXI (2018), XXII (2019), XXIII (2020), XXIV (2021) y XXV (2022) por el Lic. Horacio Rodr\u00edguez Larreta.<\/p>\n","protected":false},"excerpt":{"rendered":"<p>El jefe de Gobierno de la Ciudad presentar\u00e1 hoy mi\u00e9rcoles a las 8 , un nuevo periodo de sesiones ordinarias y se prev\u00e9 que brinde detalles acerca de las medidas gubernamentales que implementar\u00e1 a lo largo del a\u00f1o. Larreta dar\u00e1 comienzo con un discurso ante la Legislatura junto con el vicepresidente del cuerpo,legislador porte\u00f1o Emmanuel [&hellip;]<\/p>\n","protected":false},"author":2,"featured_media":42769,"comment_status":"open","ping_status":"open","sticky":false,"template":"","format":"standard","meta":{"_et_pb_use_builder":"","_et_pb_old_content":"","_et_gb_content_width":"","footnotes":""},"categories":[11,33],"tags":[],"class_list":["post-42768","post","type-post","status-publish","format-standard","has-post-thumbnail","hentry","category-ciudad","category-sociedad-y-cultura-2"],"_links":{"self":[{"href":"https:\/\/vocesdebaires.com.ar\/index.php\/wp-json\/wp\/v2\/posts\/42768"}],"collection":[{"href":"https:\/\/vocesdebaires.com.ar\/index.php\/wp-json\/wp\/v2\/posts"}],"about":[{"href":"https:\/\/vocesdebaires.com.ar\/index.php\/wp-json\/wp\/v2\/types\/post"}],"author":[{"embeddable":true,"href":"https:\/\/vocesdebaires.com.ar\/index.php\/wp-json\/wp\/v2\/users\/2"}],"replies":[{"embeddable":true,"href":"https:\/\/vocesdebaires.com.ar\/index.php\/wp-json\/wp\/v2\/comments?post=42768"}],"version-history":[{"count":1,"href":"https:\/\/vocesdebaires.com.ar\/index.php\/wp-json\/wp\/v2\/posts\/42768\/revisions"}],"predecessor-version":[{"id":42770,"href":"https:\/\/vocesdebaires.com.ar\/index.php\/wp-json\/wp\/v2\/posts\/42768\/revisions\/42770"}],"wp:featuredmedia":[{"embeddable":true,"href":"https:\/\/vocesdebaires.com.ar\/index.php\/wp-json\/wp\/v2\/media\/42769"}],"wp:attachment":[{"href":"https:\/\/vocesdebaires.com.ar\/index.php\/wp-json\/wp\/v2\/media?parent=42768"}],"wp:term":[{"taxonomy":"category","embeddable":true,"href":"https:\/\/vocesdebaires.com.ar\/index.php\/wp-json\/wp\/v2\/categories?post=42768"},{"taxonomy":"post_tag","embeddable":true,"href":"https:\/\/vocesdebaires.com.ar\/index.php\/wp-json\/wp\/v2\/tags?post=42768"}],"curies":[{"name":"wp","href":"https:\/\/api.w.org\/{rel}","templated":true}]}}