{"id":4277,"date":"2019-12-06T03:42:35","date_gmt":"2019-12-06T06:42:35","guid":{"rendered":"http:\/\/vocesdebaires.com.ar\/wordpress\/index.php\/2019\/12\/06\/ciudad-crean-el-legajo-unico-de-estudiantes\/"},"modified":"2019-12-06T03:42:35","modified_gmt":"2019-12-06T06:42:35","slug":"ciudad-crean-el-legajo-unico-de-estudiantes","status":"publish","type":"post","link":"https:\/\/vocesdebaires.com.ar\/index.php\/2019\/12\/06\/ciudad-crean-el-legajo-unico-de-estudiantes\/","title":{"rendered":"Ciudad: Crean el Legajo \u00danico de Estudiantes"},"content":{"rendered":"<p>Mediante una ley aprobada en la Legislatura cre\u00f3 el Legajo \u00danico de Estudiantes -LUE- que deber\u00e1 implementarse en &quot;todas las instituciones educativas de gesti\u00f3n estatal y privada correspondientes a todos los niveles, modalidades y orientaciones dependientes del Gobierno de la Ciudad Aut\u00f3noma de Buenos Aires&quot;. El documento en formato digital contendr\u00e1 toda informaci\u00f3n del estudiante que se considere relevante para su desarrollo educativo: su trayectoria acad\u00e9mica tales como asignaturas cursadas, calificaciones obtenidas y asistencia; los datos correspondientes a la instituci\u00f3n educativa en la que se encuentra o haya asistido, la informaci\u00f3n personal adem\u00e1s de la correspondiente a su grupo familiar y los datos de contacto.<\/p>\n<p>Por el art\u00edculo 2\u00b0 esta ley est\u00e1 sometida a los principios de integridad, inviolabilidad y seguridad que adem\u00e1s son explicitados en un cap\u00edtulo especial referido a la &quot;protecci\u00f3n, uso y gesti\u00f3n de los datos&quot; en el marco normativo dado por la Ley Nacional N\u00b0 25.326 y de la CABA Ley N\u00b0 1.845. El LUE &quot;es un sistema informatizado de gesti\u00f3n y administraci\u00f3n de datos de los estudiantes de las instituciones educativas, desarrollado y administrado por la Ciudad Aut\u00f3noma de Buenos Aires&quot; (art. 3\u00b0) con el objetivo de &quot;agilizar y modernizar la administraci\u00f3n y gesti\u00f3n de datos acad\u00e9micos y personales de los estudiantes; y facilitar la producci\u00f3n y an\u00e1lisis de indicadores educativos sobre los estudiantes&quot; (art. 4\u00b0).<\/p>\n<p>La norma determina como autoridad de aplicaci\u00f3n al Ministerio de Educaci\u00f3n e Innovaci\u00f3n de la Ciudad Aut\u00f3noma de Buenos Aires (art. 10) que &quot;debe realizar jornadas peri\u00f3dicas de capacitaci\u00f3n y elaborar el material instructivo para el personal responsable de la carga y actualizaci\u00f3n de datos&quot; (art. 11\u00b0) en el LUE y &quot;establecer\u00e1 un plan de implementaci\u00f3n gradual&quot; (art. 13\u00b0). En los fundamentos, las Comisiones asesoras de Educaci\u00f3n y Presupuesto coincidieron en que &quot;permitir\u00e1 agilizar la administraci\u00f3n y gesti\u00f3n de datos, facilitando la elaboraci\u00f3n de indicadores educativos y sobre el funcionamiento del sistema educativo en general. Contar con los datos del sistema educativo en tiempo real favorece la aplicaci\u00f3n de pol\u00edticas educativas&quot;.<\/p>\n<p>Lo consideran &quot;un instrumento eficiente que demanda menos tiempo e insumos que la carga de los datos forma manual, a la vez que facilita la elaboraci\u00f3n de bases de datos&quot; y &quot;una\u00a0 herramienta para realizar el seguimiento individual y grupal de los alumnos, habilitando un acceso r\u00e1pido y claro a la informaci\u00f3n, favoreciendo intervenciones pedag\u00f3gicas m\u00e1s \u00e1giles y mejor dirigidas&quot;. Afirman que &quot;una adecuada administraci\u00f3n de la gesti\u00f3n educativa se asegura con informaci\u00f3n confiable y actualizada en tiempo real acerca de los alumnos y alumnas&quot;.<\/p>\n<p>Numerosas jurisdicciones se encuentran implementando el LUE en la administraci\u00f3n de informaci\u00f3n del sistema educativo, entre ellas las Provincias de Salta, Misiones, Entre R\u00edos, Catamarca, Neuqu\u00e9n, Formosa y Tucum\u00e1n. La iniciativa de los legisladores Natalia Fidel, Gast\u00f3n Blanchetiere, Maximiliano Ferraro y Diego Garc\u00eda de Garc\u00eda Vilas (VJ) tom\u00f3 estado parlamentario en el a\u00f1o 2018. Y este jueves en el Recinto la votaci\u00f3n en general y en particular result\u00f3 de 36 afirmativos, 13 negativos (UC, BP, AyL, FIT, IS) y 7 abstenciones (Ev, PS).<\/p>\n","protected":false},"excerpt":{"rendered":"<p>Mediante una ley aprobada en la Legislatura cre\u00f3 el Legajo \u00danico de Estudiantes -LUE- que deber\u00e1 implementarse en &quot;todas las instituciones educativas de gesti\u00f3n estatal y privada correspondientes a todos los niveles, modalidades y orientaciones dependientes del Gobierno de la Ciudad Aut\u00f3noma de Buenos Aires&quot;. El documento en formato digital contendr\u00e1 toda informaci\u00f3n del estudiante [&hellip;]<\/p>\n","protected":false},"author":1,"featured_media":4278,"comment_status":"open","ping_status":"open","sticky":false,"template":"","format":"standard","meta":{"_et_pb_use_builder":"","_et_pb_old_content":"","_et_gb_content_width":"","footnotes":""},"categories":[11,33],"tags":[],"class_list":["post-4277","post","type-post","status-publish","format-standard","has-post-thumbnail","hentry","category-ciudad","category-sociedad-y-cultura-2"],"_links":{"self":[{"href":"https:\/\/vocesdebaires.com.ar\/index.php\/wp-json\/wp\/v2\/posts\/4277"}],"collection":[{"href":"https:\/\/vocesdebaires.com.ar\/index.php\/wp-json\/wp\/v2\/posts"}],"about":[{"href":"https:\/\/vocesdebaires.com.ar\/index.php\/wp-json\/wp\/v2\/types\/post"}],"author":[{"embeddable":true,"href":"https:\/\/vocesdebaires.com.ar\/index.php\/wp-json\/wp\/v2\/users\/1"}],"replies":[{"embeddable":true,"href":"https:\/\/vocesdebaires.com.ar\/index.php\/wp-json\/wp\/v2\/comments?post=4277"}],"version-history":[{"count":0,"href":"https:\/\/vocesdebaires.com.ar\/index.php\/wp-json\/wp\/v2\/posts\/4277\/revisions"}],"wp:featuredmedia":[{"embeddable":true,"href":"https:\/\/vocesdebaires.com.ar\/index.php\/wp-json\/wp\/v2\/media\/4278"}],"wp:attachment":[{"href":"https:\/\/vocesdebaires.com.ar\/index.php\/wp-json\/wp\/v2\/media?parent=4277"}],"wp:term":[{"taxonomy":"category","embeddable":true,"href":"https:\/\/vocesdebaires.com.ar\/index.php\/wp-json\/wp\/v2\/categories?post=4277"},{"taxonomy":"post_tag","embeddable":true,"href":"https:\/\/vocesdebaires.com.ar\/index.php\/wp-json\/wp\/v2\/tags?post=4277"}],"curies":[{"name":"wp","href":"https:\/\/api.w.org\/{rel}","templated":true}]}}