{"id":42776,"date":"2023-03-02T11:28:29","date_gmt":"2023-03-02T14:28:29","guid":{"rendered":"https:\/\/vocesdebaires.com.ar\/?p=42776"},"modified":"2023-03-02T11:28:29","modified_gmt":"2023-03-02T14:28:29","slug":"larreta-dejo-inaugurado-un-nuevo-periodo-de-sesion-ordinaria","status":"publish","type":"post","link":"https:\/\/vocesdebaires.com.ar\/index.php\/2023\/03\/02\/larreta-dejo-inaugurado-un-nuevo-periodo-de-sesion-ordinaria\/","title":{"rendered":"Larreta dejo inaugurado un nuevo periodo de sesi\u00f3n ordinaria"},"content":{"rendered":"<p>El jefe de Gobierno de la Ciudad, Horacio Rodr\u00edguez Larreta, dejo ayer 1 de marzo inaugurado el XXVI per\u00edodo de sesiones de la Legislatura, en su \u00faltimo a\u00f1o de mandato. Exhort\u00f3 a los argentinos a \u201csalir de la divisi\u00f3n y trabajar juntos\u201d. Por octava vez consecutiva, el jefe de Gobierno de la Ciudad Aut\u00f3noma de Buenos Aires, Horacio Rodr\u00edguez Larreta, hizo este mi\u00e9rcoles un balance de su gesti\u00f3n ante los parlamentarios porte\u00f1os, al inaugurar el ciclo legislativo del a\u00f1o final de su administraci\u00f3n.<\/p>\n<p>Antes de hacer lo que \u00e9l mismo defini\u00f3 como su \u201c\u00faltima rendici\u00f3n de cuentas, siempre de cara a la gente\u201d, el gobernante metropolitano enfatiz\u00f3 que \u201cen estos 16 a\u00f1os de gesti\u00f3n, le mejoramos la vida a la gente\u201d, en referencia a sus dos mandatos m\u00e1s los dos anteriores de Mauricio Macri, de quien fue su jefe de Gabinete en el gobierno de la C.A.B.A. Por eso, agradeci\u00f3 \u201ca Mauricio, con quien iniciamos las transformaciones en 2007\u201d e hizo \u201cun reconocimiento muy especial a todo el equipo de Gobierno\u201d, integrado por \u201cgente con vocaci\u00f3n de servicio que se animaron a transformar\u201d<\/p>\n<p>Rodr\u00edguez Larreta habl\u00f3 desde las 9:15, durante poco m\u00e1s de 50 minutos, desde el estrado del recinto de sesiones del palacio legislativo, flanqueado por el vicepresidente primero de ese cuerpo, diputado Emmanuel Ferrario (Vamos Juntos). Adem\u00e1s de los 60 legisladores de la Ciudad, participaron los ministros del Poder Ejecutivo, representantes de legaciones diplom\u00e1ticas y un grupo de vecinos destacados por sus acciones ciudadanas.<\/p>\n<p>\u201cTrabajamos junto a los chicos y los docentes para defender la educaci\u00f3n, junto a las familias para que puedan vivir seguras, junto a los sectores productivos para que puedan trabajar m\u00e1s, y junto a cada persona para que pueda so\u00f1ar con un futuro mejor\u201d, afirm\u00f3 Rodr\u00edguez Larreta. Manifest\u00f3 adem\u00e1s un reconocimiento \u201cde esta Legislatura, por construir un espacio de di\u00e1logo y convivencia democr\u00e1tica, donde las diferencias existen, pero nunca atentan contra la responsabilidad de mejorarle la vida a la gente\u201d.<\/p>\n<p>En una s\u00edntesis de sus prioridades program\u00e1ticas, el gobernante puntualiz\u00f3 que su \u201clegado\u201d es \u201cuna Ciudad donde la educaci\u00f3n es una prioridad, la seguridad no se negocia,la pol\u00edtica social es generar trabajo, la salud no es un privilegio, la ley es igual para todos. Y donde hay futuro.\u201d Apel\u00f3, en tanto, al poder del cambio: \u201cEncontrar en el talento de cada argentino los mejores caminos para transformar. Y eso es lo que necesita nuestro pa\u00eds. La Argentina lleva a\u00f1os sin crecer ni avanzar. Cada paso que damos para adelante nos lleva despu\u00e9s dos pasos para atr\u00e1s. Los cortos per\u00edodos de crecimiento no se sostienen porque se construyen desde la divisi\u00f3n y no desde la unidad.\u201d<\/p>\n<p>\u201cCada gobierno que asume -continu\u00f3- deshace todo lo que hizo el anterior y nunca se resuelven los problemas de fondo, que nos terminan llevando a una crisis peor que la anterior. Esto es as\u00ed porque la \u00fanica constante en esta historia es la divisi\u00f3n. D\u00e9cadas de peleas generadas por pol\u00edticos que hicieron campa\u00f1a a costa de enfrentar a argentinos contra argentinos\u201d. Luego de recordar que \u201choy casi el 40% de los argentinos son pobres, casi 4 millones de personas trabajan en la informalidad y miles de chicos no terminan en tiempo y forma la escuela\u201d, asever\u00f3 que \u201c\u00e9stos son los resultados de d\u00e9cadas de divisi\u00f3n\u201d.<\/p>\n<p>Explay\u00e1ndose sobre su proyecci\u00f3n pol\u00edtica nacional, Rodr\u00edguez Larreta reflexion\u00f3 que \u201cno hay teor\u00eda ni ideolog\u00eda partidaria que sea m\u00e1s importante que ser argentino\u201d y que \u201cel cambio no es gritar, buscar problemas ni culpables. El cambio es buscar soluciones y trabajar todos juntos (\u2026) Este es el deseo que tengo y que quiero proponerles a todos los argentinos: salir de la divisi\u00f3n y pelear juntos por el futuro que nos merecemos\u201d, reafirm\u00f3.<\/p>\n<p><strong>Frases destacadas del Jefe de Gobierno:<\/strong><br \/>\n\u201cNos animamos a transformar la Ciudad y ahora nos vamos a animar a transformar el pa\u00eds\u201d. \u201cLleg\u00f3 el momento de hacernos cargo de nuestro futuro. Es hora de animarnos a cambiar el pa\u00eds para siempre\u201d. Enumer\u00f3 \u201ctransformaciones y logros\u201d, detall\u00f3 su perspectiva, \u00e1rea por \u00e1rea: Educaci\u00f3n; Trabajo; Seguridad y Justicia; Integraci\u00f3n; Transformaci\u00f3n Urbana e Infraestructura; Bienestar Integral; Salud; G\u00e9nero; Adultos Mayores; Ambiente; Ciudad Digital; y Visi\u00f3n Internacional.<\/p>\n<p>\u201cHoy, en la Argentina, la situaci\u00f3n (en Educaci\u00f3n) es alarmante. Por eso tenemos que ir m\u00e1s a fondo. Tenemos que animarnos a encarar la revoluci\u00f3n educativa m\u00e1s ambiciosa de la historia\u201d. \u201cNecesitamos reducir el peso muerto del Estado sobre el sector privado, porque son las empresas las que generan trabajo, no el sector p\u00fablico. Para eso hay que terminar con el d\u00e9ficit fiscal, bajar impuestos y dar batalla a fondo contra la inflaci\u00f3n\u201d. \u201cNo podemos seguir ignorando la crisis de trabajo que vive nuestro pa\u00eds .<\/p>\n<p>Nuestro pa\u00eds puede generar millones de puestos de trabajo si cuenta con un Estado que impulse la iniciativa privada y le devuelva a la Argentina su perfil exportador. Es dif\u00edcil, pero se puede, y la Ciudad es el mejor ejemplo de eso\u201d. \u201cTodos los delitos bajaron en Buenos Aires. Hoy no es imposible que te pase algo en la Ciudad, pero s\u00ed es menos probable, porque tenemos la tasa de delitos m\u00e1s baja en 27 a\u00f1os y somos la capital m\u00e1s segura de Am\u00e9rica Latina\u201d. \u201cNos ocupamos de que la polic\u00eda est\u00e9 bien paga, equipada y respaldada, porque es clave cuidar a los que nos cuidan\u201d.<\/p>\n<p>\u201cHay que animarse a enfrentar la inseguridad en serio, con mucha decisi\u00f3n pol\u00edtica, con un plan, firmeza y trabajo. La Ciudad es el ejemplo de que se puede y estos resultados los vamos a llevar a todo el pa\u00eds\u201d.\u201cLa pobreza no puede esperar y as\u00ed iniciamos el proceso de integraci\u00f3n de barrios populares m\u00e1s ambicioso de la historia del pa\u00eds (\u2026) Pero a\u00fan con todo esto, siempre tuvimos claro que la mejor pol\u00edtica social es el trabajo.\u201d<\/p>\n<p>Detall\u00f3 el Jefe de Gobierno las grandes obras de infraestructura y \u201ctransformaci\u00f3n urbana\u201d desde 2007. Se necesita -indic\u00f3- terminar el Plan Hidr\u00e1ulico y llevar el transporte p\u00fablico a los barrios populares. Esta transformaci\u00f3n es un ejemplo de lo que queremos llevar a todo el pa\u00eds\u201d. \u201cNecesitamos construir una pol\u00edtica exterior pragm\u00e1tica, que mire al mundo como una oportunidad y que empuje la frontera de posibilidades de nuestra agenda de desarrollo\u201d.<\/p>\n<p>\u201cSentar una posici\u00f3n clara respecto a la defensa de la democracia y los derechos humanos en Am\u00e9rica Latina, rechazando contundentemente a las dictaduras en la regi\u00f3n\u201d. \u201cAs\u00ed como el a\u00f1o pasado fuimos de los primeros en nuestro pa\u00eds en condenar la invasi\u00f3n (a Ucrania), quisiera reiterar mi absoluto repudio al accionar ruso. Hay un solo lado correcto donde pararse: el de la paz, el respeto a la soberan\u00eda y a la integridad de los pa\u00edses\u201d.<\/p>\n","protected":false},"excerpt":{"rendered":"<p>El jefe de Gobierno de la Ciudad, Horacio Rodr\u00edguez Larreta, dejo ayer 1 de marzo inaugurado el XXVI per\u00edodo de sesiones de la Legislatura, en su \u00faltimo a\u00f1o de mandato. Exhort\u00f3 a los argentinos a \u201csalir de la divisi\u00f3n y trabajar juntos\u201d. Por octava vez consecutiva, el jefe de Gobierno de la Ciudad Aut\u00f3noma de [&hellip;]<\/p>\n","protected":false},"author":2,"featured_media":42777,"comment_status":"open","ping_status":"open","sticky":false,"template":"","format":"standard","meta":{"_et_pb_use_builder":"","_et_pb_old_content":"","_et_gb_content_width":"","footnotes":""},"categories":[11,33],"tags":[],"class_list":["post-42776","post","type-post","status-publish","format-standard","has-post-thumbnail","hentry","category-ciudad","category-sociedad-y-cultura-2"],"_links":{"self":[{"href":"https:\/\/vocesdebaires.com.ar\/index.php\/wp-json\/wp\/v2\/posts\/42776"}],"collection":[{"href":"https:\/\/vocesdebaires.com.ar\/index.php\/wp-json\/wp\/v2\/posts"}],"about":[{"href":"https:\/\/vocesdebaires.com.ar\/index.php\/wp-json\/wp\/v2\/types\/post"}],"author":[{"embeddable":true,"href":"https:\/\/vocesdebaires.com.ar\/index.php\/wp-json\/wp\/v2\/users\/2"}],"replies":[{"embeddable":true,"href":"https:\/\/vocesdebaires.com.ar\/index.php\/wp-json\/wp\/v2\/comments?post=42776"}],"version-history":[{"count":1,"href":"https:\/\/vocesdebaires.com.ar\/index.php\/wp-json\/wp\/v2\/posts\/42776\/revisions"}],"predecessor-version":[{"id":42778,"href":"https:\/\/vocesdebaires.com.ar\/index.php\/wp-json\/wp\/v2\/posts\/42776\/revisions\/42778"}],"wp:featuredmedia":[{"embeddable":true,"href":"https:\/\/vocesdebaires.com.ar\/index.php\/wp-json\/wp\/v2\/media\/42777"}],"wp:attachment":[{"href":"https:\/\/vocesdebaires.com.ar\/index.php\/wp-json\/wp\/v2\/media?parent=42776"}],"wp:term":[{"taxonomy":"category","embeddable":true,"href":"https:\/\/vocesdebaires.com.ar\/index.php\/wp-json\/wp\/v2\/categories?post=42776"},{"taxonomy":"post_tag","embeddable":true,"href":"https:\/\/vocesdebaires.com.ar\/index.php\/wp-json\/wp\/v2\/tags?post=42776"}],"curies":[{"name":"wp","href":"https:\/\/api.w.org\/{rel}","templated":true}]}}