{"id":42779,"date":"2023-03-02T11:35:24","date_gmt":"2023-03-02T14:35:24","guid":{"rendered":"https:\/\/vocesdebaires.com.ar\/?p=42779"},"modified":"2023-03-02T11:35:24","modified_gmt":"2023-03-02T14:35:24","slug":"amia-cultura-el-juevessube-a-escena-la-obra-el-golem-de-praga","status":"publish","type":"post","link":"https:\/\/vocesdebaires.com.ar\/index.php\/2023\/03\/02\/amia-cultura-el-juevessube-a-escena-la-obra-el-golem-de-praga\/","title":{"rendered":"AMIA Cultura: El jueves,sube a escena la obra \u201cEl Golem de Praga\u201d"},"content":{"rendered":"<p>El \u00e1rea de Cultura de AMIA inform\u00f3 que el jueves 9 de marzo, a las 20, se presentar\u00e1 en el auditorio de la calle Pasteur 633, \u201dEl Golem de Praga\u201d, la primera obra de teatro musical contada con el lenguaje de la tradicional m\u00fasica klezmer, realizada en la Argentina. Basada en la leyenda folkl\u00f3rica que inspir\u00f3 la historia de Frankenstein e innumerables adaptaciones, la obra cuenta con la autor\u00eda de Gast\u00f3n Brian Gliksztein y Mat\u00edas Linetzky, y est\u00e1 situada en Praga en el siglo XVII.<\/p>\n<p>\u201cLa poblaci\u00f3n jud\u00eda vive pac\u00edficamente en la aldea de Josefov hasta que es asediada por las milicias de Alexej y los libelos de sangre, quienes los acusan de asesinar ni\u00f1os cristianos para oscuros rituales durante las Pascuas. El l\u00edder de la comunidad, el Rabino Loew decide, a trav\u00e9s de la antigua m\u00edstica de la Kabal\u00e1, crear un monstruo de barro con fuerza sobrehumana para proteger a su pueblo, aunque tal vez esa decisi\u00f3n lo lleve a plantearse el riesgo de jugar a ser Dios\u201d, se\u00f1alaron desde AMIA Cultura a la hora de adelantar el argumento de la producci\u00f3n teatral.<\/p>\n<p>A su vez, el \u00e1rea cultural de la instituci\u00f3n record\u00f3 que el jueves 16 de marzo, a las 19, tendr\u00e1 lugar, en el auditorio, la presentaci\u00f3n de la \u00f3pera \u201cLa Traviata\u201d. Adem\u00e1s, ya se puede reservar una vacante para participar de los cursos presenciales sobre coaching y comunicaci\u00f3n efectiva, que dictar\u00e1 Laura Museri (martes 7 de marzo, a las 18.30), y grandes obras de la m\u00fasica cl\u00e1sica, a cargo de Claudio Mamud (mi\u00e9rcoles 8 de marzo, a las 18). La agenda cultural tambi\u00e9n ofrece las siguientes capacitaciones y conferencias virtuales:<\/p>\n<p><strong>\u201cHebreo\u201d<\/strong><br \/>\nLas personas interesadas podr\u00e1n optar por la cursada en el nivel b\u00e1sico, medio o avanzado.<br \/>\nInicio: Lunes 6\/3. 6 clases.<br \/>\nDocente: Daniel Danilewicz<\/p>\n<p><strong>\u201cGrandes imperios de la historia\u201d<\/strong><br \/>\n\u201cEn esta capacitaci\u00f3n se analizar\u00e1 la historia de diversos pueblos que tuvieron la ambici\u00f3n y lograron el dominio de sus vecinos, extendiendo sus fronteras a la escala global de su tiempo\u201d, explicaron los organizadores.<br \/>\nInicio: Martes 7\/3. 5 clases.<br \/>\nDocente: Lic. Laura Bernal<\/p>\n<p><strong>\u201cArte y cultura oriental\u201d<\/strong><br \/>\nRecorrido por la producci\u00f3n art\u00edstica en Asia, atravesada por el pensamiento y la tradici\u00f3n de su cultura milenaria.<br \/>\nInicio: Mi\u00e9rcoles 8\/3. 4 clases.<br \/>\nDocente: Lic. Cecilia Latorre<\/p>\n<p><strong>\u201cShakespeare: 400 a\u00f1os del primer folio\u201d<\/strong><br \/>\nEn este curso se propone estudiar los hechos hist\u00f3ricos, las tragedias, las comedias y los romances que atraviesan la obra de William Shakespeare.<br \/>\nInicio: Lunes 13\/3. 4 clases<br \/>\nDocente: Mgt. Cecilia Lasa<\/p>\n<p><strong>\u201cKabal\u00e1 y meditaci\u00f3n\u201d<\/strong><br \/>\nDurante cuatro encuentros, los participantes se interiorizar\u00e1n sobre el arte de meditar seg\u00fan la Kabal\u00e1.<br \/>\nInicio: Martes 14\/3. 4 clases<br \/>\nDocente: Jaim Baruj Chelger<\/p>\n<p><strong>\u201cHistoria del antisemitismo: Origen y actualidad\u201d<\/strong><br \/>\nEn este curso se indagar\u00e1 sobre el origen, desarrollo y contemporaneidad del antisemitismo.<br \/>\nInicio: Mi\u00e9rcoles 15\/3. 4 clases<br \/>\nDocente: Lic. Natalio Steiner<\/p>\n<p><strong>\u201cMarx: Vida, obra y legado\u201d<\/strong><br \/>\nConferencia dise\u00f1ada para profundizar acerca del legado del fil\u00f3sofo Karl Marx.<br \/>\nInicio: Lunes 20\/3<br \/>\nDocente: Dr. Sebasti\u00e1n Sancari<\/p>\n<p>\u201c<strong>Ansiedad: \u00bfC\u00f3mo comprenderla y tratarla?\u201d<\/strong><br \/>\nEn esta conferencia se explicar\u00e1 la funci\u00f3n de la ansiedad, sus caracter\u00edsticas psicofisiol\u00f3gicas y sus tendencias de acci\u00f3n.<br \/>\nInicio: Mi\u00e9rcoles 22\/3<br \/>\nDocente: Dr. Eduardo Keegan<\/p>\n<p><strong>\u201cP\u00e9saj: Fuimos esclavos \u00bfsomos libres?\u201d<\/strong><br \/>\nEn este espacio los participantes se interiorizar\u00e1n sobre la historia de P\u00e9saj, que rememora la salida de Egipto del pueblo israelita y el fin de la esclavitud tras m\u00e1s de doscientos a\u00f1os de sumisi\u00f3n y sometimiento.<br \/>\nInicio: Martes 28\/3<br \/>\nDocente: Rab. Dr. Fishel Szlajen<\/p>\n<p>Para consultar la agenda completa, que incluye tambi\u00e9n los ciclos de cine gratuitos \u201cCine Club AMIA\u201d y \u201cCine Jud\u00edo\u201d, las personas interesadas deben ingresar a https:\/\/cultura.amia.org.ar\/<\/p>\n","protected":false},"excerpt":{"rendered":"<p>El \u00e1rea de Cultura de AMIA inform\u00f3 que el jueves 9 de marzo, a las 20, se presentar\u00e1 en el auditorio de la calle Pasteur 633, \u201dEl Golem de Praga\u201d, la primera obra de teatro musical contada con el lenguaje de la tradicional m\u00fasica klezmer, realizada en la Argentina. Basada en la leyenda folkl\u00f3rica que [&hellip;]<\/p>\n","protected":false},"author":2,"featured_media":42780,"comment_status":"open","ping_status":"open","sticky":false,"template":"","format":"standard","meta":{"_et_pb_use_builder":"","_et_pb_old_content":"","_et_gb_content_width":"","footnotes":""},"categories":[11,33],"tags":[],"class_list":["post-42779","post","type-post","status-publish","format-standard","has-post-thumbnail","hentry","category-ciudad","category-sociedad-y-cultura-2"],"_links":{"self":[{"href":"https:\/\/vocesdebaires.com.ar\/index.php\/wp-json\/wp\/v2\/posts\/42779"}],"collection":[{"href":"https:\/\/vocesdebaires.com.ar\/index.php\/wp-json\/wp\/v2\/posts"}],"about":[{"href":"https:\/\/vocesdebaires.com.ar\/index.php\/wp-json\/wp\/v2\/types\/post"}],"author":[{"embeddable":true,"href":"https:\/\/vocesdebaires.com.ar\/index.php\/wp-json\/wp\/v2\/users\/2"}],"replies":[{"embeddable":true,"href":"https:\/\/vocesdebaires.com.ar\/index.php\/wp-json\/wp\/v2\/comments?post=42779"}],"version-history":[{"count":1,"href":"https:\/\/vocesdebaires.com.ar\/index.php\/wp-json\/wp\/v2\/posts\/42779\/revisions"}],"predecessor-version":[{"id":42781,"href":"https:\/\/vocesdebaires.com.ar\/index.php\/wp-json\/wp\/v2\/posts\/42779\/revisions\/42781"}],"wp:featuredmedia":[{"embeddable":true,"href":"https:\/\/vocesdebaires.com.ar\/index.php\/wp-json\/wp\/v2\/media\/42780"}],"wp:attachment":[{"href":"https:\/\/vocesdebaires.com.ar\/index.php\/wp-json\/wp\/v2\/media?parent=42779"}],"wp:term":[{"taxonomy":"category","embeddable":true,"href":"https:\/\/vocesdebaires.com.ar\/index.php\/wp-json\/wp\/v2\/categories?post=42779"},{"taxonomy":"post_tag","embeddable":true,"href":"https:\/\/vocesdebaires.com.ar\/index.php\/wp-json\/wp\/v2\/tags?post=42779"}],"curies":[{"name":"wp","href":"https:\/\/api.w.org\/{rel}","templated":true}]}}