{"id":42785,"date":"2023-03-03T13:17:55","date_gmt":"2023-03-03T16:17:55","guid":{"rendered":"https:\/\/vocesdebaires.com.ar\/?p=42785"},"modified":"2023-03-03T13:17:55","modified_gmt":"2023-03-03T16:17:55","slug":"santilli-junto-a-javkin-mantuvieron-una-reunion-en-rosario","status":"publish","type":"post","link":"https:\/\/vocesdebaires.com.ar\/index.php\/2023\/03\/03\/santilli-junto-a-javkin-mantuvieron-una-reunion-en-rosario\/","title":{"rendered":"Santilli, junto a Javkin: Mantuvieron una Reuni\u00f3n en Rosario"},"content":{"rendered":"<p>El intendente de Rosario, Pablo Javkin, y el diputado nacional de Juntos Diego Santilli mantuvieron una reuni\u00f3n en Rosario este jueves despu\u00e9s del ataque a balazos que sufri\u00f3 uno de los supermercados que posee la familia de Antonela Roccuzzo, la esposa de Lionel Messi, en la ciudad santafesina. Santilli viaj\u00f3 a Rosario este jueves por la tarde despu\u00e9s de conocerse el ataque mafioso y en el marco de la crisis que vive Rosario, donde se han cometido 58 asesinatos desde que comenz\u00f3 el a\u00f1o.<\/p>\n<p>El diputado nacional fue a brindar su respaldo a Javkin en calidad de integrante de la Comisi\u00f3n de Seguridad de la C\u00e1mara de Diputados y como candidato a gobernador de una provincia vecina de Santa Fe, como lo es la provincia de Buenos Aires, que tambi\u00e9n est\u00e1 sufriendo el avance del narcotr\u00e1fico. \u201cVine a Rosario a acompa\u00f1ar a Pablo Javkin. Lo que sucede en Rosario es un espejo de lo que est\u00e1 empezando a pasar en muchos municipios de la Provincia, con un Gobierno nacional ausente, que no enfrenta a las mafias y a las redes del narcotr\u00e1fico\u201d expres\u00f3 Santilli tras el encuentro.<\/p>\n<p>\u201cLa Argentina dej\u00f3 de ser un pa\u00eds de paso. El narcotr\u00e1fico se instal\u00f3 y la droga volvi\u00f3 al barrio, pero yo no quiero que pase esto en mi provincia\u201d, asever\u00f3.<br \/>\nEl diputado nacional se\u00f1al\u00f3 que los pasos a seguir en Rosario deber\u00edan consistir en la convocatoria al ministro de Seguridad de la Naci\u00f3n, An\u00edbal Fern\u00e1ndez, a la Comisi\u00f3n de Seguridad de la C\u00e1mara de Diputados, y la sanci\u00f3n de la Ley contra el lavado de dinero vinculado al narcotr\u00e1fico que present\u00f3 en el Congreso a principios del a\u00f1o pasado.<\/p>\n<p>En ese sentido, se\u00f1al\u00f3: \u201cPresent\u00e9 un proyecto para cortarle el negocio a los narcos: propongo congelarles los bienes y prohibir que cualquier persona o entidad los asista. Cortarles el financiamiento es atacar el problema de ra\u00edz. Vamos a pelear para que estos tipos est\u00e9n presos y no tengan herramientas para subsistir\u201d.<br \/>\n\u201cContra los narcos hay que ir a fondo: tirarles abajo los b\u00fankers, meterlos presos y cortarles el financiamiento. Mi compromiso es con la seguridad y con la libertad de los bonaerenses y de todos los argentinos\u201d, concluy\u00f3.<\/p>\n","protected":false},"excerpt":{"rendered":"<p>El intendente de Rosario, Pablo Javkin, y el diputado nacional de Juntos Diego Santilli mantuvieron una reuni\u00f3n en Rosario este jueves despu\u00e9s del ataque a balazos que sufri\u00f3 uno de los supermercados que posee la familia de Antonela Roccuzzo, la esposa de Lionel Messi, en la ciudad santafesina. Santilli viaj\u00f3 a Rosario este jueves por [&hellip;]<\/p>\n","protected":false},"author":2,"featured_media":42786,"comment_status":"open","ping_status":"open","sticky":false,"template":"","format":"standard","meta":{"_et_pb_use_builder":"","_et_pb_old_content":"","_et_gb_content_width":"","footnotes":""},"categories":[34,13],"tags":[],"class_list":["post-42785","post","type-post","status-publish","format-standard","has-post-thumbnail","hentry","category-politica","category-provincia"],"_links":{"self":[{"href":"https:\/\/vocesdebaires.com.ar\/index.php\/wp-json\/wp\/v2\/posts\/42785"}],"collection":[{"href":"https:\/\/vocesdebaires.com.ar\/index.php\/wp-json\/wp\/v2\/posts"}],"about":[{"href":"https:\/\/vocesdebaires.com.ar\/index.php\/wp-json\/wp\/v2\/types\/post"}],"author":[{"embeddable":true,"href":"https:\/\/vocesdebaires.com.ar\/index.php\/wp-json\/wp\/v2\/users\/2"}],"replies":[{"embeddable":true,"href":"https:\/\/vocesdebaires.com.ar\/index.php\/wp-json\/wp\/v2\/comments?post=42785"}],"version-history":[{"count":1,"href":"https:\/\/vocesdebaires.com.ar\/index.php\/wp-json\/wp\/v2\/posts\/42785\/revisions"}],"predecessor-version":[{"id":42787,"href":"https:\/\/vocesdebaires.com.ar\/index.php\/wp-json\/wp\/v2\/posts\/42785\/revisions\/42787"}],"wp:featuredmedia":[{"embeddable":true,"href":"https:\/\/vocesdebaires.com.ar\/index.php\/wp-json\/wp\/v2\/media\/42786"}],"wp:attachment":[{"href":"https:\/\/vocesdebaires.com.ar\/index.php\/wp-json\/wp\/v2\/media?parent=42785"}],"wp:term":[{"taxonomy":"category","embeddable":true,"href":"https:\/\/vocesdebaires.com.ar\/index.php\/wp-json\/wp\/v2\/categories?post=42785"},{"taxonomy":"post_tag","embeddable":true,"href":"https:\/\/vocesdebaires.com.ar\/index.php\/wp-json\/wp\/v2\/tags?post=42785"}],"curies":[{"name":"wp","href":"https:\/\/api.w.org\/{rel}","templated":true}]}}