{"id":42805,"date":"2023-03-06T00:00:08","date_gmt":"2023-03-06T03:00:08","guid":{"rendered":"https:\/\/vocesdebaires.com.ar\/?p=42805"},"modified":"2023-03-05T15:36:57","modified_gmt":"2023-03-05T18:36:57","slug":"ministro-de-desarrollo-economico-con-bodegueros-mendocinos","status":"publish","type":"post","link":"https:\/\/vocesdebaires.com.ar\/index.php\/2023\/03\/06\/ministro-de-desarrollo-economico-con-bodegueros-mendocinos\/","title":{"rendered":"Ministro de desarrollo econ\u00f3mico, con bodegueros mendocinos"},"content":{"rendered":"<p>El ministro de Desarrollo Econ\u00f3mico y Producci\u00f3n de la Ciudad de Buenos Aires, Jos\u00e9 Luis Giusti, recorri\u00f3 el enclave vitivin\u00edcola de la provincia de Mendoza en el marco de la Fiesta Nacional de la Vendimia 2023. El viaje tuvo por objetivo difundir las posibilidades de inversi\u00f3n que tiene el Distrito del Vino, una iniciativa porte\u00f1a que tiene por objetivo posicionar a la Ciudad como la vidriera internacional de uno de los productos m\u00e1s federales de nuestro pa\u00eds.<\/p>\n<p>En tal sentido, el ministro particip\u00f3 de reuniones y mesas de trabajo con importantes organizaciones de empresas y cooperativas que nuclean a toda la cadena de valor del vino, tales como la Corporaci\u00f3n Vitivin\u00edcola Argentina, la Federaci\u00f3n de Cooperativas Vitivin\u00edcolas, Bodegas de Argentina. Se discuti\u00f3 acerca de los desaf\u00edos nacionales e internacionales que tiene la industria vitivin\u00edcola.<\/p>\n<p>Asimismo, tambi\u00e9n estuvo presente en rondas de negocios, promoviendo la generaci\u00f3n de inversiones para impulsar el Distrito del Vino con el fin de integrar y potenciar a la industria vitivin\u00edcola a trav\u00e9s del relacionamiento entre las provincias productoras, como Mendoza, y la Ciudad de Buenos Aires. Algunas de ellas, fueron con el Fondo Vitivin\u00edcola de Mendoza, el Consejo Empresario Mendocino y el Foro de Inversiones de Mendoza.<br \/>\n\u00bb<\/p>\n<p>Ya tenemos siete carpetas con proyectos presentados con una inversi\u00f3n de 15 millones de d\u00f3lares y ya hay dos que est\u00e1n funcionando. La idea es que en los pr\u00f3ximos meses empiecen a funcionar las otras cinco. Por otro lado, hay otros nueve proyectos que est\u00e1n buscando locaci\u00f3n para poder realizar la construcci\u00f3n de un espacio\u00bb, afirm\u00f3 Giusti.<\/p>\n<p>En esa misma l\u00ednea, dijo: \u00abEl gobierno porte\u00f1o se relaciona con las provincias productoras de vino para que la Ciudad pueda ser el punto de partida o kil\u00f3metro cero de la Ruta del Vino en Argentina, con el objetivo de fortalecer y promocionar la industria a nivel nacional e internacional, transform\u00e1ndose en la vidriera de uno de los productos m\u00e1s caracter\u00edsticos y representativos de las econom\u00edas regionales\u201d. La comitiva de la Ciudad estuvo, tambi\u00e9n, conformada por Guillermo Laje, presidente del Banco Ciudad; Carlos Macchi, subsecretario de Cooperaci\u00f3n para el Desarrollo Econ\u00f3mico y la Producci\u00f3n, y Carlos Rapisarda, subsecretario de Administraci\u00f3n de Bienes Inmuebles.<\/p>\n<p><strong>Qu\u00e9 es el Distrito del Vino:<\/strong><br \/>\nEl nuevo distrito, ubicado en el coraz\u00f3n de Villa Devoto, es una iniciativa p\u00fablica privada que busca posicionar a la industria vitivin\u00edcola, de forma nacional e internacional, entendiendo a Buenos Aires como vidriera del pa\u00eds productor. Las empresas que quieran formar parte ser\u00e1n acompa\u00f1adas por la ciudad mediante beneficios econ\u00f3micos.<\/p>\n<p><strong>Para m\u00e1s informaci\u00f3n, ingresar en:\u00a0<\/strong> buenosaires.gob.ar\/desarrolloeconomico\/unidad-de-coordinacion-gestion-policitas-productivas\/distritos-economicos\/distrito-del-vino<\/p>\n","protected":false},"excerpt":{"rendered":"<p>El ministro de Desarrollo Econ\u00f3mico y Producci\u00f3n de la Ciudad de Buenos Aires, Jos\u00e9 Luis Giusti, recorri\u00f3 el enclave vitivin\u00edcola de la provincia de Mendoza en el marco de la Fiesta Nacional de la Vendimia 2023. El viaje tuvo por objetivo difundir las posibilidades de inversi\u00f3n que tiene el Distrito del Vino, una iniciativa porte\u00f1a [&hellip;]<\/p>\n","protected":false},"author":3,"featured_media":42806,"comment_status":"open","ping_status":"open","sticky":false,"template":"","format":"standard","meta":{"_et_pb_use_builder":"","_et_pb_old_content":"","_et_gb_content_width":"","footnotes":""},"categories":[34,13],"tags":[],"class_list":["post-42805","post","type-post","status-publish","format-standard","has-post-thumbnail","hentry","category-politica","category-provincia"],"_links":{"self":[{"href":"https:\/\/vocesdebaires.com.ar\/index.php\/wp-json\/wp\/v2\/posts\/42805"}],"collection":[{"href":"https:\/\/vocesdebaires.com.ar\/index.php\/wp-json\/wp\/v2\/posts"}],"about":[{"href":"https:\/\/vocesdebaires.com.ar\/index.php\/wp-json\/wp\/v2\/types\/post"}],"author":[{"embeddable":true,"href":"https:\/\/vocesdebaires.com.ar\/index.php\/wp-json\/wp\/v2\/users\/3"}],"replies":[{"embeddable":true,"href":"https:\/\/vocesdebaires.com.ar\/index.php\/wp-json\/wp\/v2\/comments?post=42805"}],"version-history":[{"count":1,"href":"https:\/\/vocesdebaires.com.ar\/index.php\/wp-json\/wp\/v2\/posts\/42805\/revisions"}],"predecessor-version":[{"id":42807,"href":"https:\/\/vocesdebaires.com.ar\/index.php\/wp-json\/wp\/v2\/posts\/42805\/revisions\/42807"}],"wp:featuredmedia":[{"embeddable":true,"href":"https:\/\/vocesdebaires.com.ar\/index.php\/wp-json\/wp\/v2\/media\/42806"}],"wp:attachment":[{"href":"https:\/\/vocesdebaires.com.ar\/index.php\/wp-json\/wp\/v2\/media?parent=42805"}],"wp:term":[{"taxonomy":"category","embeddable":true,"href":"https:\/\/vocesdebaires.com.ar\/index.php\/wp-json\/wp\/v2\/categories?post=42805"},{"taxonomy":"post_tag","embeddable":true,"href":"https:\/\/vocesdebaires.com.ar\/index.php\/wp-json\/wp\/v2\/tags?post=42805"}],"curies":[{"name":"wp","href":"https:\/\/api.w.org\/{rel}","templated":true}]}}