{"id":42819,"date":"2023-03-06T00:00:17","date_gmt":"2023-03-06T03:00:17","guid":{"rendered":"https:\/\/vocesdebaires.com.ar\/?p=42819"},"modified":"2023-03-05T15:58:13","modified_gmt":"2023-03-05T18:58:13","slug":"regreso-a-clasesamia-acompano-a-los-colegios-de-la-rej","status":"publish","type":"post","link":"https:\/\/vocesdebaires.com.ar\/index.php\/2023\/03\/06\/regreso-a-clasesamia-acompano-a-los-colegios-de-la-rej\/","title":{"rendered":"Regreso a clases:AMIA acompa\u00f1\u00f3 a los colegios de la REJ"},"content":{"rendered":"<p>Como todos los a\u00f1os, ante el inicio de un nuevo ciclo lectivo, autoridades de AMIA acompa\u00f1aron a la comunidad educativa en el regreso a clases, y se hicieron presentes en numerosas instituciones que forman parte de la Red Escolar Jud\u00eda, para compartir los actos de apertura que se sucedieron en los \u00faltimos d\u00edas.<br \/>\n\u201cQueremos destacar la dedicaci\u00f3n y el esfuerzo de los docentes, los alumnos y sus familias para poder llevar adelante los objetivos pedag\u00f3gicos a lo largo del a\u00f1o.<\/p>\n<p>Y especialmente se\u00f1alar el compromiso de todos para lograr que la educaci\u00f3n que se brinda est\u00e9 acompa\u00f1ada tambi\u00e9n por la formaci\u00f3n en valores\u201d, destac\u00f3 el presidente de AMIA, Amos Linetzky, en uno de los actos de apertura del ciclo escolar de los que particip\u00f3. Tambi\u00e9n se hicieron presentes en diferentes colegios el secretario de Educaci\u00f3n de la instituci\u00f3n, Ariel Halper\u00edn; el integrante de la secretar\u00eda de Educaci\u00f3n, Ra\u00fal<\/p>\n<p>Stolarza; el director del Vaad Hajinuj, Ariel Cohen Imach, y representantes del equipo del \u00e1rea de Educaci\u00f3n de la instituci\u00f3n. Por su parte, como es tradici\u00f3n antes del inicio de clases, el \u00e1rea de Educaci\u00f3n de AMIA envi\u00f3 un mensaje a directores, coordinadores y a equipos de orientaci\u00f3n de todas las escuelas de la Red:<br \/>\n\u201cToda gran gesta educativa empieza con una idea, una iniciativa, un di\u00e1logo fecundo y su protagonista puede ser cualquier miembro de la comunidad educativa\u201d, expresaba el mensaje que se comparti\u00f3 con el personal docente.<\/p>\n<p>\u201cQue este nuevo ciclo lectivo nos encuentre desbordantes de proyectos, que nos animemos a compartirlos, conversarlos y llevarlos a la pr\u00e1ctica\u201d. AMIA, a trav\u00e9s del Vaad Hajinuj Hakehilat\u00ed, se ocupa de manera permanente de acompa\u00f1ar a la comunidad educativa, asesorando a docentes, compartiendo recursos pedag\u00f3gicos y organizando diferentes espacios de capacitaci\u00f3n, que brindan las herramientas necesarias para utilizar en el aula.<\/p>\n<p>I<strong>ntegran la Red Escolar Jud\u00eda:<\/strong> los colegios Arlene Fern, Bereshit, Bet El, Beth School, Shuba, Bialik Devoto, Heijal Hatora, Hilel, Iosef Caro, Maim\u00f3nides, Marc Chagall, Mart\u00edn Buber, Natan Gesang, Ohel Moshe\/Ohel Braja, Oholey Jinuj, Or Tor\u00e1, Scholem Aleijem, Shaare Sion, Talpiot, Tarbut, Toratenu, Weitzman, Wolfsohn, Yeshurun Tor\u00e1, ORT, Gan Jaike Grinberg, Il\u00e1n School (Mor\u00f3n), Or Eliahu y Hamakom Shel\u00ed.<\/p>\n<p>Adem\u00e1s de las escuelas Bialik de La Plata, Bialik de Rosario, ORT Rosario, Bialik de Santa Fe, Max Nordau de Mendoza, San Mart\u00edn de C\u00f3rdoba, Independencia de Tucum\u00e1n, Maim\u00f3nides de Tucum\u00e1n, Maim\u00f3nides de C\u00f3rdoba, Dr. Herzl de Bah\u00eda Blanca, Mart\u00edn Buber de Paran\u00e1, Jaim Weitzman de Corrientes, Peretz de Resistencia, Hatikva de Salta y Gan Meorot de C\u00f3rdoba.<\/p>\n","protected":false},"excerpt":{"rendered":"<p>Como todos los a\u00f1os, ante el inicio de un nuevo ciclo lectivo, autoridades de AMIA acompa\u00f1aron a la comunidad educativa en el regreso a clases, y se hicieron presentes en numerosas instituciones que forman parte de la Red Escolar Jud\u00eda, para compartir los actos de apertura que se sucedieron en los \u00faltimos d\u00edas. \u201cQueremos destacar [&hellip;]<\/p>\n","protected":false},"author":2,"featured_media":42820,"comment_status":"open","ping_status":"open","sticky":false,"template":"","format":"standard","meta":{"_et_pb_use_builder":"","_et_pb_old_content":"","_et_gb_content_width":"","footnotes":""},"categories":[11,33],"tags":[],"class_list":["post-42819","post","type-post","status-publish","format-standard","has-post-thumbnail","hentry","category-ciudad","category-sociedad-y-cultura-2"],"_links":{"self":[{"href":"https:\/\/vocesdebaires.com.ar\/index.php\/wp-json\/wp\/v2\/posts\/42819"}],"collection":[{"href":"https:\/\/vocesdebaires.com.ar\/index.php\/wp-json\/wp\/v2\/posts"}],"about":[{"href":"https:\/\/vocesdebaires.com.ar\/index.php\/wp-json\/wp\/v2\/types\/post"}],"author":[{"embeddable":true,"href":"https:\/\/vocesdebaires.com.ar\/index.php\/wp-json\/wp\/v2\/users\/2"}],"replies":[{"embeddable":true,"href":"https:\/\/vocesdebaires.com.ar\/index.php\/wp-json\/wp\/v2\/comments?post=42819"}],"version-history":[{"count":1,"href":"https:\/\/vocesdebaires.com.ar\/index.php\/wp-json\/wp\/v2\/posts\/42819\/revisions"}],"predecessor-version":[{"id":42821,"href":"https:\/\/vocesdebaires.com.ar\/index.php\/wp-json\/wp\/v2\/posts\/42819\/revisions\/42821"}],"wp:featuredmedia":[{"embeddable":true,"href":"https:\/\/vocesdebaires.com.ar\/index.php\/wp-json\/wp\/v2\/media\/42820"}],"wp:attachment":[{"href":"https:\/\/vocesdebaires.com.ar\/index.php\/wp-json\/wp\/v2\/media?parent=42819"}],"wp:term":[{"taxonomy":"category","embeddable":true,"href":"https:\/\/vocesdebaires.com.ar\/index.php\/wp-json\/wp\/v2\/categories?post=42819"},{"taxonomy":"post_tag","embeddable":true,"href":"https:\/\/vocesdebaires.com.ar\/index.php\/wp-json\/wp\/v2\/tags?post=42819"}],"curies":[{"name":"wp","href":"https:\/\/api.w.org\/{rel}","templated":true}]}}