{"id":42851,"date":"2023-03-08T05:40:28","date_gmt":"2023-03-08T08:40:28","guid":{"rendered":"https:\/\/vocesdebaires.com.ar\/?p=42851"},"modified":"2023-03-08T05:40:28","modified_gmt":"2023-03-08T08:40:28","slug":"para-el-diputado-diego-santilli-kicillof-vive-en-una-burbuja","status":"publish","type":"post","link":"https:\/\/vocesdebaires.com.ar\/index.php\/2023\/03\/08\/para-el-diputado-diego-santilli-kicillof-vive-en-una-burbuja\/","title":{"rendered":"Para el diputado Diego Santilli: \u00abKicillof vive en una burbuja\u00bb"},"content":{"rendered":"<p>El precandidato a gobernador asegur\u00f3 que el actual mandatario describi\u00f3 \u00abuna provincia muy distante de la que viven todos los d\u00edas los bonaerenses\u00bb durante su discurso en la apertura de sesiones de la Legislatura. El diputado nacional de Juntos Diego Santilli critic\u00f3 el discurso que brind\u00f3 el gobernador de la provincia de Buenos Aires, Axel Kicillof, en la apertura de sesiones ordinarias de la Legislatura bonaerense, al afirmar que \u201chabla de una provincia que no existe\u201d.\u201cMe parece que el inconveniente m\u00e1s notable que tenemos es que los problemas estructurales de la Provincia no se est\u00e1n abordando.<\/p>\n<p>Vive en una burbuja, habla de una provincia que no existe, pero basta con salir a la calle para entender que hay una crisis creciente y sostenida de inseguridad en todos los rincones de la Provincia; no hay atenci\u00f3n primaria en los hospitales p\u00fablicos; y la informalidad no para de crecer, no hay creaci\u00f3n de empleo privado y genuino\u201d, afirm\u00f3 Santilli. \u201cEn un momento del discurso sent\u00ed que compar\u00f3 a la provincia de Buenos Aires con Noruega, pero lejos estamos de tener esa realidad. Describe una provincia ficticia, inexistente y muy distante de la que viven todos los d\u00edas millones de bonaerenses\u201d, expres\u00f3 el precandidato a gobernador.<\/p>\n<p>En ese sentido, se\u00f1al\u00f3: \u201cSigue hablando del pasado. Van a gobernar esta provincia, nuestra provincia, en 32 de los \u00faltimos 40 a\u00f1os y cada vez estamos peor\u201d.<br \/>\n\u201cDesde Juntos por el Cambio queremos poner en pie a la Provincia, con propuestas centradas en la generaci\u00f3n de trabajo privado, una fuerte rebaja impositiva para mejorar la competitividad del interior, que es el motor de la Provincia, y en generar reglas claras para la inversi\u00f3n y la planificaci\u00f3n. Esa es la salida a tantos a\u00f1os de frustraci\u00f3n\u201d, asegur\u00f3.<\/p>\n","protected":false},"excerpt":{"rendered":"<p>El precandidato a gobernador asegur\u00f3 que el actual mandatario describi\u00f3 \u00abuna provincia muy distante de la que viven todos los d\u00edas los bonaerenses\u00bb durante su discurso en la apertura de sesiones de la Legislatura. El diputado nacional de Juntos Diego Santilli critic\u00f3 el discurso que brind\u00f3 el gobernador de la provincia de Buenos Aires, Axel [&hellip;]<\/p>\n","protected":false},"author":2,"featured_media":42852,"comment_status":"open","ping_status":"open","sticky":false,"template":"","format":"standard","meta":{"_et_pb_use_builder":"","_et_pb_old_content":"","_et_gb_content_width":"","footnotes":""},"categories":[34,13],"tags":[],"class_list":["post-42851","post","type-post","status-publish","format-standard","has-post-thumbnail","hentry","category-politica","category-provincia"],"_links":{"self":[{"href":"https:\/\/vocesdebaires.com.ar\/index.php\/wp-json\/wp\/v2\/posts\/42851"}],"collection":[{"href":"https:\/\/vocesdebaires.com.ar\/index.php\/wp-json\/wp\/v2\/posts"}],"about":[{"href":"https:\/\/vocesdebaires.com.ar\/index.php\/wp-json\/wp\/v2\/types\/post"}],"author":[{"embeddable":true,"href":"https:\/\/vocesdebaires.com.ar\/index.php\/wp-json\/wp\/v2\/users\/2"}],"replies":[{"embeddable":true,"href":"https:\/\/vocesdebaires.com.ar\/index.php\/wp-json\/wp\/v2\/comments?post=42851"}],"version-history":[{"count":1,"href":"https:\/\/vocesdebaires.com.ar\/index.php\/wp-json\/wp\/v2\/posts\/42851\/revisions"}],"predecessor-version":[{"id":42853,"href":"https:\/\/vocesdebaires.com.ar\/index.php\/wp-json\/wp\/v2\/posts\/42851\/revisions\/42853"}],"wp:featuredmedia":[{"embeddable":true,"href":"https:\/\/vocesdebaires.com.ar\/index.php\/wp-json\/wp\/v2\/media\/42852"}],"wp:attachment":[{"href":"https:\/\/vocesdebaires.com.ar\/index.php\/wp-json\/wp\/v2\/media?parent=42851"}],"wp:term":[{"taxonomy":"category","embeddable":true,"href":"https:\/\/vocesdebaires.com.ar\/index.php\/wp-json\/wp\/v2\/categories?post=42851"},{"taxonomy":"post_tag","embeddable":true,"href":"https:\/\/vocesdebaires.com.ar\/index.php\/wp-json\/wp\/v2\/tags?post=42851"}],"curies":[{"name":"wp","href":"https:\/\/api.w.org\/{rel}","templated":true}]}}