{"id":42866,"date":"2023-03-09T01:54:21","date_gmt":"2023-03-09T04:54:21","guid":{"rendered":"https:\/\/vocesdebaires.com.ar\/?p=42866"},"modified":"2023-03-09T01:54:21","modified_gmt":"2023-03-09T04:54:21","slug":"santilli-recorrio-la-muestra-de-expo-agro-en-la-ciudad-de-san-nicolas","status":"publish","type":"post","link":"https:\/\/vocesdebaires.com.ar\/index.php\/2023\/03\/09\/santilli-recorrio-la-muestra-de-expo-agro-en-la-ciudad-de-san-nicolas\/","title":{"rendered":"Santilli: Recorri\u00f3 la muestra de Expo agro en la ciudad de San Nicol\u00e1s"},"content":{"rendered":"<p>El diputado nacional y candidato a gobernador de Juntos por el Cambio recorri\u00f3 ayer la muestra de Expo agro en la ciudad de San Nicol\u00e1s. Lo hizo junto al jefe de gobierno porte\u00f1o, Horacio Rodr\u00edguez Larreta; los intendentes bonaerenses Manuel Passaglia, Pablo Petrecca, Ezequiel Galli y Mariano Barroso; y la presidente de Valores para mi Pa\u00eds, Cynthia Hotton, entre otros.<\/p>\n<p>\u00abTenemos que entender que ac\u00e1 est\u00e1 el motor del campo. En la Provincia de Buenos Aires, 128 de los 135 municipios tienen actividad agroindustrial. El campo produce el 40% de cabeza de ganado, el 36% de exportaciones de nuestro pa\u00eds, entonces tenemos que estar siempre acompa\u00f1ando, y m\u00e1s en este momento. El campo siempre le dio a los argentinos, hoy los argentinos tenemos que acompa\u00f1ar al campo en un momento muy dif\u00edcil que estamos viviendo\u00bb, y agreg\u00f3: \u00abLos 17 tipos de cambio que cre\u00f3 este gobierno est\u00e1n destruyendo nuestra matriz productiva\u00bb.<\/p>\n<p>\u00abLa Provincia est\u00e1 muy perjudicada por el actual sistema de coparticipaci\u00f3n. El actual gobernador Kicillof cuando era Ministro de Econom\u00eda le dio el 18.7% de la coparticipaci\u00f3n en el a\u00f1o 2015 y Vidal la llev\u00f3 a 22.5%. Lo que ha hecho este gobierno, que siempre construye un relato y confunde a la sociedad, es mentirle a los argentinos\u00bb, concluy\u00f3 el diputado nacional, que mantuvo encuentros tambi\u00e9n con representantes y autoridades de CARBAP y Coninagro, y la red de mujeres rurales de Coninagro.<\/p>\n","protected":false},"excerpt":{"rendered":"<p>El diputado nacional y candidato a gobernador de Juntos por el Cambio recorri\u00f3 ayer la muestra de Expo agro en la ciudad de San Nicol\u00e1s. Lo hizo junto al jefe de gobierno porte\u00f1o, Horacio Rodr\u00edguez Larreta; los intendentes bonaerenses Manuel Passaglia, Pablo Petrecca, Ezequiel Galli y Mariano Barroso; y la presidente de Valores para mi [&hellip;]<\/p>\n","protected":false},"author":2,"featured_media":42867,"comment_status":"open","ping_status":"open","sticky":false,"template":"","format":"standard","meta":{"_et_pb_use_builder":"","_et_pb_old_content":"","_et_gb_content_width":"","footnotes":""},"categories":[34,13],"tags":[],"class_list":["post-42866","post","type-post","status-publish","format-standard","has-post-thumbnail","hentry","category-politica","category-provincia"],"_links":{"self":[{"href":"https:\/\/vocesdebaires.com.ar\/index.php\/wp-json\/wp\/v2\/posts\/42866"}],"collection":[{"href":"https:\/\/vocesdebaires.com.ar\/index.php\/wp-json\/wp\/v2\/posts"}],"about":[{"href":"https:\/\/vocesdebaires.com.ar\/index.php\/wp-json\/wp\/v2\/types\/post"}],"author":[{"embeddable":true,"href":"https:\/\/vocesdebaires.com.ar\/index.php\/wp-json\/wp\/v2\/users\/2"}],"replies":[{"embeddable":true,"href":"https:\/\/vocesdebaires.com.ar\/index.php\/wp-json\/wp\/v2\/comments?post=42866"}],"version-history":[{"count":1,"href":"https:\/\/vocesdebaires.com.ar\/index.php\/wp-json\/wp\/v2\/posts\/42866\/revisions"}],"predecessor-version":[{"id":42868,"href":"https:\/\/vocesdebaires.com.ar\/index.php\/wp-json\/wp\/v2\/posts\/42866\/revisions\/42868"}],"wp:featuredmedia":[{"embeddable":true,"href":"https:\/\/vocesdebaires.com.ar\/index.php\/wp-json\/wp\/v2\/media\/42867"}],"wp:attachment":[{"href":"https:\/\/vocesdebaires.com.ar\/index.php\/wp-json\/wp\/v2\/media?parent=42866"}],"wp:term":[{"taxonomy":"category","embeddable":true,"href":"https:\/\/vocesdebaires.com.ar\/index.php\/wp-json\/wp\/v2\/categories?post=42866"},{"taxonomy":"post_tag","embeddable":true,"href":"https:\/\/vocesdebaires.com.ar\/index.php\/wp-json\/wp\/v2\/tags?post=42866"}],"curies":[{"name":"wp","href":"https:\/\/api.w.org\/{rel}","templated":true}]}}