{"id":4292,"date":"2019-12-05T03:52:50","date_gmt":"2019-12-05T06:52:50","guid":{"rendered":"http:\/\/vocesdebaires.com.ar\/wordpress\/index.php\/2019\/12\/05\/continuan-las-obras-en-el-aeroparque\/"},"modified":"2019-12-05T03:52:50","modified_gmt":"2019-12-05T06:52:50","slug":"continuan-las-obras-en-el-aeroparque","status":"publish","type":"post","link":"https:\/\/vocesdebaires.com.ar\/index.php\/2019\/12\/05\/continuan-las-obras-en-el-aeroparque\/","title":{"rendered":"Contin\u00faan las obras en el Aeroparque"},"content":{"rendered":"<p>El vicejefe de Gobierno porte\u00f1o, Diego Santilli, y el ministro de Transporte de la Naci\u00f3n, Guillermo Dietrich, recorrieron las obras de puesta en valor que se hicieron en el Sector Sur del Aeroparque Jorge Newbery, las cuales permitieron desplazar la avenida Costanera, ampliar el aeropuerto hacia el r\u00edo y generar el Paseo de la Costanera, un nuevo parque costero de 30.541 metros cuadrados de \u00e1rea verde para el disfrute de los vecinos. La segunda etapa, que se est\u00e1 desarrollando en el Sector Norte, implica la incorporaci\u00f3n de v\u00edas de acceso al aeropuerto, la construcci\u00f3n de un estacionamiento subterr\u00e1neo para m\u00e1s de 600 cocheras (se sumar\u00e1n a las 1.500 actuales) y la ampliaci\u00f3n de la terminal, la pista de aterrizaje y la plataforma comercial.<\/p>\n<p>Adem\u00e1s, el vicejefe de Gobierno porte\u00f1o indic\u00f3 que el objetivo es &quot;tener una Ciudad que mire al r\u00edo, que deje de darle la espalda&quot;, y agreg\u00f3: &quot;Seguimos creciendo y llevando la Ciudad adonde queremos llevarla&quot;. En esa l\u00ednea, agradeci\u00f3 \u201cel trabajo en conjunto con el Gobierno nacional\u201d, y manifest\u00f3 en relaci\u00f3n al Paseo de la Costanera que \u201ces parte del compromiso de sumar 110 hect\u00e1reas de espacio p\u00fablico y verde\u201d.<\/p>\n<p>Por otro lado, Dietrich dijo que &quot;es muy lindo poder seguir terminando obras que van a quedar para siempre&quot;, y apunt\u00f3: &quot;Todo esto es con la idea de conectar a los argentinos y que volar en avi\u00f3n deje de ser una posibilidad s\u00f3lo para unos pocos privilegiados&quot;. Asimismo, el ministro de Transporte de la Naci\u00f3n explic\u00f3 que \u201ceste a\u00f1o van a volar dentro de la Argentina 6 millones de personas m\u00e1s de las que lo hicieron en 2015\u201d, y sostuvo: \u201cEn cada uno de los aeropuertos de nuestro pa\u00eds hicimos obras de distintos tipos: terminales nuevas, pistas nuevas, torres de control nuevas y mejoras en los entornos\u201d. Por \u00faltimo, valor\u00f3 que estos trabajos se hayan llevado adelante \u201ccon parte de los materiales de otras obras que se hicieron en la Ciudad, como por ejemplo la del Paseo del Bajo\u201d.<\/p>\n<p>Puesta en valor<br \/>De la actividad tambi\u00e9n participaron el ministro de Desarrollo Urbano y Transporte porte\u00f1o, Franco Moccia; el secretario de Transporte, Juan Jos\u00e9 Mendez; el presidente del Organismo Regulador del Sistema Nacional de Aeropuertos (ORSNA), Patricio Di Stefano, y el gerente general de Aeroparque de Aeropuertos Argentina 2000, Mart\u00edn Leal. Di Stefano reconoci\u00f3 que &quot;es la primera vez que con una obra se mejorar\u00e1 la calidad aeroportuaria\u201d, y destac\u00f3 la importancia de las nuevas vialidades, \u201cque permiten el crecimiento de la terminal del Aeroparque, un cuello de botella hist\u00f3rico que no hab\u00eda forma de solucionarlo si no se hac\u00edan estos trabajos\u201d. Desde su concepci\u00f3n, las obras buscan respetar y proteger a los \u00e1rboles. Es por eso que la traza de las nuevas veredas se dise\u00f1\u00f3 en funci\u00f3n de la l\u00ednea de \u00e1rboles de la Avenida Costanera. De esta forma, en el Paseo se plantaron 268 \u00e1rboles nuevos y un total de 3.667 metros cuadrados de arbustos.<\/p>\n<p>Adem\u00e1s, se coloc\u00f3 el monumento a Crist\u00f3bal Col\u00f3n y se dise\u00f1aron cinco sectores bien definidos que terminan en un muelle: la Plaza Col\u00f3n, la Plaza de las esculturas, la Plaza de juegos, la Plaza de los chorros de agua y la Plaza del laberinto, las cuales est\u00e1n atravesadas por veredas y una ciclov\u00eda para disfrutar de un paseo frente al r\u00edo y cuentan con sanitarios, iluminaci\u00f3n LED, espacios para sentarse y descansar. Adem\u00e1s, el ensanche de la nueva vereda tomar\u00e1 el espacio que hoy ocupan los carriles que se utilizan para el ascenso y descenso de pasajeros en el aeropuerto hasta la primera fila de \u00e1rboles. De esta manera, la vereda va a ser m\u00e1s amplia y c\u00f3moda para pasajeros y trabajadores.<\/p>\n<p>Tambi\u00e9n se construir\u00e1n cinco carriles para el ingreso al aeropuerto: los tres m\u00e1s cercanos a la vereda ser\u00e1n los de baja velocidad y estar\u00e1n destinados al ascenso y descenso de pasajeros, y luego habr\u00e1 dos de velocidad media para que los autos, taxis o remises circulen con comodidad. El sentido de los carriles seguir\u00e1 siendo Norte-Sur, y se van a incorporar nuevas d\u00e1rsenas que permitir\u00e1n que el tr\u00e1nsito sea m\u00e1s fluido. Tambi\u00e9n se construir\u00e1n ingresos o salidas intermedias y seis cruces peatonales a nivel. Por otra parte, la vereda peatonal existente complica el desplazamiento de los peatones, por lo que se construir\u00e1 una con plazas de circulaci\u00f3n y nuevo mobiliario urbano que a la vez les posibilitar\u00e1 a los peatones cruzar la Costanera para llegar al Paseo.<\/p>\n","protected":false},"excerpt":{"rendered":"<p>El vicejefe de Gobierno porte\u00f1o, Diego Santilli, y el ministro de Transporte de la Naci\u00f3n, Guillermo Dietrich, recorrieron las obras de puesta en valor que se hicieron en el Sector Sur del Aeroparque Jorge Newbery, las cuales permitieron desplazar la avenida Costanera, ampliar el aeropuerto hacia el r\u00edo y generar el Paseo de la Costanera, [&hellip;]<\/p>\n","protected":false},"author":1,"featured_media":0,"comment_status":"open","ping_status":"open","sticky":false,"template":"","format":"standard","meta":{"_et_pb_use_builder":"","_et_pb_old_content":"","_et_gb_content_width":"","footnotes":""},"categories":[11,32],"tags":[],"class_list":["post-4292","post","type-post","status-publish","format-standard","hentry","category-ciudad","category-comunas"],"_links":{"self":[{"href":"https:\/\/vocesdebaires.com.ar\/index.php\/wp-json\/wp\/v2\/posts\/4292"}],"collection":[{"href":"https:\/\/vocesdebaires.com.ar\/index.php\/wp-json\/wp\/v2\/posts"}],"about":[{"href":"https:\/\/vocesdebaires.com.ar\/index.php\/wp-json\/wp\/v2\/types\/post"}],"author":[{"embeddable":true,"href":"https:\/\/vocesdebaires.com.ar\/index.php\/wp-json\/wp\/v2\/users\/1"}],"replies":[{"embeddable":true,"href":"https:\/\/vocesdebaires.com.ar\/index.php\/wp-json\/wp\/v2\/comments?post=4292"}],"version-history":[{"count":0,"href":"https:\/\/vocesdebaires.com.ar\/index.php\/wp-json\/wp\/v2\/posts\/4292\/revisions"}],"wp:attachment":[{"href":"https:\/\/vocesdebaires.com.ar\/index.php\/wp-json\/wp\/v2\/media?parent=4292"}],"wp:term":[{"taxonomy":"category","embeddable":true,"href":"https:\/\/vocesdebaires.com.ar\/index.php\/wp-json\/wp\/v2\/categories?post=4292"},{"taxonomy":"post_tag","embeddable":true,"href":"https:\/\/vocesdebaires.com.ar\/index.php\/wp-json\/wp\/v2\/tags?post=4292"}],"curies":[{"name":"wp","href":"https:\/\/api.w.org\/{rel}","templated":true}]}}