{"id":4295,"date":"2019-12-05T03:30:42","date_gmt":"2019-12-05T06:30:42","guid":{"rendered":"http:\/\/vocesdebaires.com.ar\/wordpress\/index.php\/2019\/12\/05\/vidal-inauguro-centro-obstetrico-san-jose\/"},"modified":"2019-12-05T03:30:42","modified_gmt":"2019-12-05T06:30:42","slug":"vidal-inauguro-centro-obstetrico-san-jose","status":"publish","type":"post","link":"https:\/\/vocesdebaires.com.ar\/index.php\/2019\/12\/05\/vidal-inauguro-centro-obstetrico-san-jose\/","title":{"rendered":"Vidal inaugur\u00f3 Centro Obst\u00e9trico San Jos\u00e9"},"content":{"rendered":"<p>La gobernadora de la Provincia de Buenos Aires, Mar\u00eda Eugenia Vidal, inaugur\u00f3 ayer el Centro Obst\u00e9trico del Hospital San Jos\u00e9 en Pergamino. La mandataria estuvo acompa\u00f1ada por el intendente local, Javier Mart\u00ednez; y el subsecretario de Asuntos Municipales, Alex Campbell. Las obras, que comenzaron en octubre de 2017, fueron ejecutadas y financiadas por el Ministerio de Infraestructura y Servicios P\u00fablicos de la Provincia. Comprendieron la ampliaci\u00f3n y remodelaci\u00f3n del Centro Obst\u00e9trico, la Guardia y la Emergencia Pedi\u00e1trica, que fueron puestas en funcionamiento en junio de este a\u00f1o. Significaron la intervenci\u00f3n de 216 metros cuadrados y una superficie a construir de 151 metros cuadrados.<\/p>\n","protected":false},"excerpt":{"rendered":"<p>La gobernadora de la Provincia de Buenos Aires, Mar\u00eda Eugenia Vidal, inaugur\u00f3 ayer el Centro Obst\u00e9trico del Hospital San Jos\u00e9 en Pergamino. La mandataria estuvo acompa\u00f1ada por el intendente local, Javier Mart\u00ednez; y el subsecretario de Asuntos Municipales, Alex Campbell. Las obras, que comenzaron en octubre de 2017, fueron ejecutadas y financiadas por el Ministerio [&hellip;]<\/p>\n","protected":false},"author":1,"featured_media":0,"comment_status":"open","ping_status":"open","sticky":false,"template":"","format":"standard","meta":{"_et_pb_use_builder":"","_et_pb_old_content":"","_et_gb_content_width":"","footnotes":""},"categories":[35,13],"tags":[],"class_list":["post-4295","post","type-post","status-publish","format-standard","hentry","category-gobierno","category-provincia"],"_links":{"self":[{"href":"https:\/\/vocesdebaires.com.ar\/index.php\/wp-json\/wp\/v2\/posts\/4295"}],"collection":[{"href":"https:\/\/vocesdebaires.com.ar\/index.php\/wp-json\/wp\/v2\/posts"}],"about":[{"href":"https:\/\/vocesdebaires.com.ar\/index.php\/wp-json\/wp\/v2\/types\/post"}],"author":[{"embeddable":true,"href":"https:\/\/vocesdebaires.com.ar\/index.php\/wp-json\/wp\/v2\/users\/1"}],"replies":[{"embeddable":true,"href":"https:\/\/vocesdebaires.com.ar\/index.php\/wp-json\/wp\/v2\/comments?post=4295"}],"version-history":[{"count":0,"href":"https:\/\/vocesdebaires.com.ar\/index.php\/wp-json\/wp\/v2\/posts\/4295\/revisions"}],"wp:attachment":[{"href":"https:\/\/vocesdebaires.com.ar\/index.php\/wp-json\/wp\/v2\/media?parent=4295"}],"wp:term":[{"taxonomy":"category","embeddable":true,"href":"https:\/\/vocesdebaires.com.ar\/index.php\/wp-json\/wp\/v2\/categories?post=4295"},{"taxonomy":"post_tag","embeddable":true,"href":"https:\/\/vocesdebaires.com.ar\/index.php\/wp-json\/wp\/v2\/tags?post=4295"}],"curies":[{"name":"wp","href":"https:\/\/api.w.org\/{rel}","templated":true}]}}