{"id":4313,"date":"2019-12-03T03:26:16","date_gmt":"2019-12-03T06:26:16","guid":{"rendered":"http:\/\/vocesdebaires.com.ar\/wordpress\/index.php\/2019\/12\/03\/vidal-recorrio-nueva-guardia-de-un-hospital\/"},"modified":"2019-12-03T03:26:16","modified_gmt":"2019-12-03T06:26:16","slug":"vidal-recorrio-nueva-guardia-de-un-hospital","status":"publish","type":"post","link":"https:\/\/vocesdebaires.com.ar\/index.php\/2019\/12\/03\/vidal-recorrio-nueva-guardia-de-un-hospital\/","title":{"rendered":"Vidal recorri\u00f3 nueva guardia de un hospital"},"content":{"rendered":"<p>La gobernadora de la provincia de Buenos Aires, Mar\u00eda Eugenia Vidal, visit\u00f3\u00a0 ayer la recientemente inaugurada guardia del Hospital Zonal General Manuel Belgrano, en San Mart\u00edn.La mandataria, acompa\u00f1ada por el ministro de Salud bonaerense, Andr\u00e9s Scarsi; y el ministro de Desarrollo Social provincial, Santiago L\u00f3pez Medrano; recorri\u00f3 las nuevas instalaciones que atienden al p\u00fablico desde el 21 de noviembre.Las obras estuvieron a cargo del Ministerio de Infraestructura y Servicios P\u00fablicos de la Provincia, comenzaron en febrero de 2018, y comprendieron la mejora integral de las guardias de pediatr\u00eda y de adultos y la adecuaci\u00f3n de la instalaci\u00f3n el\u00e9ctrica.<\/p>\n","protected":false},"excerpt":{"rendered":"<p>La gobernadora de la provincia de Buenos Aires, Mar\u00eda Eugenia Vidal, visit\u00f3\u00a0 ayer la recientemente inaugurada guardia del Hospital Zonal General Manuel Belgrano, en San Mart\u00edn.La mandataria, acompa\u00f1ada por el ministro de Salud bonaerense, Andr\u00e9s Scarsi; y el ministro de Desarrollo Social provincial, Santiago L\u00f3pez Medrano; recorri\u00f3 las nuevas instalaciones que atienden al p\u00fablico desde [&hellip;]<\/p>\n","protected":false},"author":1,"featured_media":4314,"comment_status":"open","ping_status":"open","sticky":false,"template":"","format":"standard","meta":{"_et_pb_use_builder":"","_et_pb_old_content":"","_et_gb_content_width":"","footnotes":""},"categories":[35,13],"tags":[],"class_list":["post-4313","post","type-post","status-publish","format-standard","has-post-thumbnail","hentry","category-gobierno","category-provincia"],"_links":{"self":[{"href":"https:\/\/vocesdebaires.com.ar\/index.php\/wp-json\/wp\/v2\/posts\/4313"}],"collection":[{"href":"https:\/\/vocesdebaires.com.ar\/index.php\/wp-json\/wp\/v2\/posts"}],"about":[{"href":"https:\/\/vocesdebaires.com.ar\/index.php\/wp-json\/wp\/v2\/types\/post"}],"author":[{"embeddable":true,"href":"https:\/\/vocesdebaires.com.ar\/index.php\/wp-json\/wp\/v2\/users\/1"}],"replies":[{"embeddable":true,"href":"https:\/\/vocesdebaires.com.ar\/index.php\/wp-json\/wp\/v2\/comments?post=4313"}],"version-history":[{"count":0,"href":"https:\/\/vocesdebaires.com.ar\/index.php\/wp-json\/wp\/v2\/posts\/4313\/revisions"}],"wp:featuredmedia":[{"embeddable":true,"href":"https:\/\/vocesdebaires.com.ar\/index.php\/wp-json\/wp\/v2\/media\/4314"}],"wp:attachment":[{"href":"https:\/\/vocesdebaires.com.ar\/index.php\/wp-json\/wp\/v2\/media?parent=4313"}],"wp:term":[{"taxonomy":"category","embeddable":true,"href":"https:\/\/vocesdebaires.com.ar\/index.php\/wp-json\/wp\/v2\/categories?post=4313"},{"taxonomy":"post_tag","embeddable":true,"href":"https:\/\/vocesdebaires.com.ar\/index.php\/wp-json\/wp\/v2\/tags?post=4313"}],"curies":[{"name":"wp","href":"https:\/\/api.w.org\/{rel}","templated":true}]}}