{"id":4317,"date":"2019-12-03T03:08:04","date_gmt":"2019-12-03T06:08:04","guid":{"rendered":"http:\/\/vocesdebaires.com.ar\/wordpress\/index.php\/2019\/12\/03\/ritondo-recibio-oficial-policia-que-fue-agredida\/"},"modified":"2019-12-03T03:08:04","modified_gmt":"2019-12-03T06:08:04","slug":"ritondo-recibio-oficial-policia-que-fue-agredida","status":"publish","type":"post","link":"https:\/\/vocesdebaires.com.ar\/index.php\/2019\/12\/03\/ritondo-recibio-oficial-policia-que-fue-agredida\/","title":{"rendered":"Ritondo recibi\u00f3: Oficial polic\u00eda, que fue agredida"},"content":{"rendered":"<p>El ministro de Seguridad de la provincia de Buenos Aires, Cristian Ritondo, se reuni\u00f3 con la oficial, Jenifer del Rosario Correa, quien fue agredida por un hombre el s\u00e1bado pasado en la ciudad de San Nicol\u00e1s y que adem\u00e1s ser\u00e1 ascendida a Sargento. &quot;Repudiamos este acto cobarde contra una mujer en otro caso de violencia machista sin l\u00edmites&quot;, dijo el funcionario del gobierno de Mar\u00eda Eugenia Vidal, quien se\u00f1al\u00f3 que &quot;quer\u00eda reunirme con ella para apoyarla y demostrarle mi solidaridad ante este terrible hecho&quot;.<\/p>\n<p>Jenifer fue golpeada en su rostro por un sujeto el s\u00e1bado pasado luego de llegar a cubrir un accidente en la calle\u00a0 Espa\u00f1a y Maip\u00fa, situaci\u00f3n que fue filmada y viralizada en redes sociales. El agresor fue aprehendido en el momento y poco despu\u00e9s recuper\u00f3 su libertad quedando a disposici\u00f3n de la justicia. La oficial, que tiene m\u00e1s de cinco a\u00f1os en la fuerza y un hijo, ser\u00e1 ascendida a Sargento porque actu\u00f3 &quot;bajo la reglamentaci\u00f3n vigente ante un hecho de violencia de g\u00e9nero y en desigualdad de condiciones&quot;. En la reuni\u00f3n el Ministro estuvo acompa\u00f1ado por el Jefe de la Polic\u00eda de la Provincia de Buenos Aires, comisario general Fabi\u00e1n Perroni.<\/p>\n<p>Fotos: Ministerio de Seguridad de la Provincia de Buenos Aires<\/p>\n","protected":false},"excerpt":{"rendered":"<p>El ministro de Seguridad de la provincia de Buenos Aires, Cristian Ritondo, se reuni\u00f3 con la oficial, Jenifer del Rosario Correa, quien fue agredida por un hombre el s\u00e1bado pasado en la ciudad de San Nicol\u00e1s y que adem\u00e1s ser\u00e1 ascendida a Sargento. &quot;Repudiamos este acto cobarde contra una mujer en otro caso de violencia [&hellip;]<\/p>\n","protected":false},"author":1,"featured_media":4318,"comment_status":"open","ping_status":"open","sticky":false,"template":"","format":"standard","meta":{"_et_pb_use_builder":"","_et_pb_old_content":"","_et_gb_content_width":"","footnotes":""},"categories":[34,13],"tags":[],"class_list":["post-4317","post","type-post","status-publish","format-standard","has-post-thumbnail","hentry","category-politica","category-provincia"],"_links":{"self":[{"href":"https:\/\/vocesdebaires.com.ar\/index.php\/wp-json\/wp\/v2\/posts\/4317"}],"collection":[{"href":"https:\/\/vocesdebaires.com.ar\/index.php\/wp-json\/wp\/v2\/posts"}],"about":[{"href":"https:\/\/vocesdebaires.com.ar\/index.php\/wp-json\/wp\/v2\/types\/post"}],"author":[{"embeddable":true,"href":"https:\/\/vocesdebaires.com.ar\/index.php\/wp-json\/wp\/v2\/users\/1"}],"replies":[{"embeddable":true,"href":"https:\/\/vocesdebaires.com.ar\/index.php\/wp-json\/wp\/v2\/comments?post=4317"}],"version-history":[{"count":0,"href":"https:\/\/vocesdebaires.com.ar\/index.php\/wp-json\/wp\/v2\/posts\/4317\/revisions"}],"wp:featuredmedia":[{"embeddable":true,"href":"https:\/\/vocesdebaires.com.ar\/index.php\/wp-json\/wp\/v2\/media\/4318"}],"wp:attachment":[{"href":"https:\/\/vocesdebaires.com.ar\/index.php\/wp-json\/wp\/v2\/media?parent=4317"}],"wp:term":[{"taxonomy":"category","embeddable":true,"href":"https:\/\/vocesdebaires.com.ar\/index.php\/wp-json\/wp\/v2\/categories?post=4317"},{"taxonomy":"post_tag","embeddable":true,"href":"https:\/\/vocesdebaires.com.ar\/index.php\/wp-json\/wp\/v2\/tags?post=4317"}],"curies":[{"name":"wp","href":"https:\/\/api.w.org\/{rel}","templated":true}]}}