{"id":4319,"date":"2019-12-02T03:00:00","date_gmt":"2019-12-02T06:00:00","guid":{"rendered":"http:\/\/vocesdebaires.com.ar\/wordpress\/index.php\/2019\/12\/02\/firmaronproyecto-de-bajoautopista-moreno\/"},"modified":"2019-12-02T03:00:00","modified_gmt":"2019-12-02T06:00:00","slug":"firmaronproyecto-de-bajoautopista-moreno","status":"publish","type":"post","link":"https:\/\/vocesdebaires.com.ar\/index.php\/2019\/12\/02\/firmaronproyecto-de-bajoautopista-moreno\/","title":{"rendered":"Firmaron:Proyecto de bajoautopista Moreno"},"content":{"rendered":"<p>Se firm\u00f3 el pasado viernes en la Legislatura porte\u00f1a el dictamen del proyecto presentado por el\u00a0 legislador\u00a0 porte\u00f1o Diego Garc\u00eda Vilas (Confianza P\u00fablica &#8211; Juntos por el Cambio) que establece la puesta en valor y concesi\u00f3n de predios ubicados debajo de las autopistas Perito Moreno\u00a0 (AU 6) y Presidente Arturo Frondizi (AU 1 9 de Julio Sur).La iniciativa, firmada en coautor\u00eda con los legisladores Maximiliano Ferraro y Daniel Presti, contempla la instalaci\u00f3n de actividades comerciales, sociales, deportivas y culturales en los denominados &quot;bajoautopista&quot;, con el objetivo de integrarlos al tejido urbano. Adem\u00e1s prev\u00e9 la mejora del entorno y la creaci\u00f3n de espacios verdes.<\/p>\n<p>&quot;Desde el inicio de la construcci\u00f3n de estas autopistas en la d\u00e9cada del \u00b480 hasta la actualidad no hubo un proyecto para integrarlas a la traza urbana, generando una barrera que afecta la transitabilidad&quot;, se\u00f1ala el expediente. &quot;Hoy, los espacios ubicados bajo estas autopistas se encuentran en condiciones precarias, mayormente en desuso, sin mantenimiento, limpieza y vigilancia, convirti\u00e9ndose en una barrera urbana que impide el desarrollo de actividades de inter\u00e9s para los vecinos&quot;, agrega.<\/p>\n<p>El proyecto autoriza el otorgamiento de concesiones como estrategia para incrementar el valor social de estos espacios, con el fin de mejorar la circulaci\u00f3n -tanto peatonal como vehicular-, favorecer la instalaci\u00f3n de centros culturales, locales comerciales, talleres y oficinas. Adem\u00e1s, se establecen los lineamientos generales de edificaci\u00f3n de manera tal que las obras a realizarse garanticen espacios m\u00e1s seguros, iluminados y amigables para los vecinos. El expediente se suma a la Ley de puesta en valor y concesi\u00f3n de los predios en desuso bajo la Autopista 25 de mayo, aprobada el a\u00f1o pasado en la Legislatura por iniciativa de Garc\u00eda Vilas y el Ejecutivo porte\u00f1o.<\/p>\n","protected":false},"excerpt":{"rendered":"<p>Se firm\u00f3 el pasado viernes en la Legislatura porte\u00f1a el dictamen del proyecto presentado por el\u00a0 legislador\u00a0 porte\u00f1o Diego Garc\u00eda Vilas (Confianza P\u00fablica &#8211; Juntos por el Cambio) que establece la puesta en valor y concesi\u00f3n de predios ubicados debajo de las autopistas Perito Moreno\u00a0 (AU 6) y Presidente Arturo Frondizi (AU 1 9 de [&hellip;]<\/p>\n","protected":false},"author":1,"featured_media":4320,"comment_status":"open","ping_status":"open","sticky":false,"template":"","format":"standard","meta":{"_et_pb_use_builder":"","_et_pb_old_content":"","_et_gb_content_width":"","footnotes":""},"categories":[11,32],"tags":[],"class_list":["post-4319","post","type-post","status-publish","format-standard","has-post-thumbnail","hentry","category-ciudad","category-comunas"],"_links":{"self":[{"href":"https:\/\/vocesdebaires.com.ar\/index.php\/wp-json\/wp\/v2\/posts\/4319"}],"collection":[{"href":"https:\/\/vocesdebaires.com.ar\/index.php\/wp-json\/wp\/v2\/posts"}],"about":[{"href":"https:\/\/vocesdebaires.com.ar\/index.php\/wp-json\/wp\/v2\/types\/post"}],"author":[{"embeddable":true,"href":"https:\/\/vocesdebaires.com.ar\/index.php\/wp-json\/wp\/v2\/users\/1"}],"replies":[{"embeddable":true,"href":"https:\/\/vocesdebaires.com.ar\/index.php\/wp-json\/wp\/v2\/comments?post=4319"}],"version-history":[{"count":0,"href":"https:\/\/vocesdebaires.com.ar\/index.php\/wp-json\/wp\/v2\/posts\/4319\/revisions"}],"wp:featuredmedia":[{"embeddable":true,"href":"https:\/\/vocesdebaires.com.ar\/index.php\/wp-json\/wp\/v2\/media\/4320"}],"wp:attachment":[{"href":"https:\/\/vocesdebaires.com.ar\/index.php\/wp-json\/wp\/v2\/media?parent=4319"}],"wp:term":[{"taxonomy":"category","embeddable":true,"href":"https:\/\/vocesdebaires.com.ar\/index.php\/wp-json\/wp\/v2\/categories?post=4319"},{"taxonomy":"post_tag","embeddable":true,"href":"https:\/\/vocesdebaires.com.ar\/index.php\/wp-json\/wp\/v2\/tags?post=4319"}],"curies":[{"name":"wp","href":"https:\/\/api.w.org\/{rel}","templated":true}]}}