{"id":43209,"date":"2023-03-31T11:51:48","date_gmt":"2023-03-31T14:51:48","guid":{"rendered":"https:\/\/vocesdebaires.com.ar\/?p=43209"},"modified":"2023-03-31T11:54:01","modified_gmt":"2023-03-31T14:54:01","slug":"la-legislatura-portena-homenajeo-a-los-combatientes-en-malvinas","status":"publish","type":"post","link":"https:\/\/vocesdebaires.com.ar\/index.php\/2023\/03\/31\/la-legislatura-portena-homenajeo-a-los-combatientes-en-malvinas\/","title":{"rendered":"La legislatura: Homenaje\u00f3 a los combatientes en Malvinas"},"content":{"rendered":"<p>En v\u00edsperas de una nueva conmemoraci\u00f3n del D\u00eda del Veterano\u00a0 \u00a0 \u00a0y de los Ca\u00eddos en la Guerra de Malvinas (2 de abril), la Legislatura rindi\u00f3 homenaje a todos los combatientes de aquel conflicto b\u00e9lico por la defensa de la soberan\u00eda territorial en las islas australes. Al comienzo de la sesi\u00f3n ordinaria de ayer jueves, se invit\u00f3 a izar la Bandera Nacional en el recinto al ex combatiente Ra\u00fal V\u00edctor Aguirre, quien actualmente revista como personal legislativo. Luego se cant\u00f3 el Himno Nacional. M\u00e1s adelante,legisladores de diversos bloques expresaron sus discursos evocativos durante el tratamiento de proyectos de declaraci\u00f3n.<\/p>\n<p><strong>Se aprob\u00f3 un texto consensuado que expresa:<\/strong><br \/>\n\u201cLa Legislatura de la Ciudad Aut\u00f3noma de Buenos Aires conmemora el \u201cD\u00eda del Veterano y de los Ca\u00eddos en la Guerra de Malvinas e Islas del Atl\u00e1ntico Sur\u201d que tendr\u00e1 lugar el pr\u00f3ximo 2 de abril, con motivo de cumplirse un nuevo aniversario del inicio del conflicto b\u00e9lico, reivindica la vigencia del reclamo pac\u00edfico por la soberan\u00eda sobre las Islas Malvinas, Georgias del Sur, S\u00e1ndwich del Sur y sus espacios mar\u00edtimos e insulares correspondientes y adhiere a todas las actividades que se realicen en dicho marco. Asimismo, manifiesta su reconocimiento a la gesta heroica de los combatientes y extiende su pesar a las familias de los ca\u00eddos.<\/p>\n","protected":false},"excerpt":{"rendered":"<p>En v\u00edsperas de una nueva conmemoraci\u00f3n del D\u00eda del Veterano\u00a0 \u00a0 \u00a0y de los Ca\u00eddos en la Guerra de Malvinas (2 de abril), la Legislatura rindi\u00f3 homenaje a todos los combatientes de aquel conflicto b\u00e9lico por la defensa de la soberan\u00eda territorial en las islas australes. Al comienzo de la sesi\u00f3n ordinaria de ayer jueves, [&hellip;]<\/p>\n","protected":false},"author":2,"featured_media":43210,"comment_status":"open","ping_status":"open","sticky":false,"template":"","format":"standard","meta":{"_et_pb_use_builder":"","_et_pb_old_content":"","_et_gb_content_width":"","footnotes":""},"categories":[11],"tags":[],"class_list":["post-43209","post","type-post","status-publish","format-standard","has-post-thumbnail","hentry","category-ciudad"],"_links":{"self":[{"href":"https:\/\/vocesdebaires.com.ar\/index.php\/wp-json\/wp\/v2\/posts\/43209"}],"collection":[{"href":"https:\/\/vocesdebaires.com.ar\/index.php\/wp-json\/wp\/v2\/posts"}],"about":[{"href":"https:\/\/vocesdebaires.com.ar\/index.php\/wp-json\/wp\/v2\/types\/post"}],"author":[{"embeddable":true,"href":"https:\/\/vocesdebaires.com.ar\/index.php\/wp-json\/wp\/v2\/users\/2"}],"replies":[{"embeddable":true,"href":"https:\/\/vocesdebaires.com.ar\/index.php\/wp-json\/wp\/v2\/comments?post=43209"}],"version-history":[{"count":3,"href":"https:\/\/vocesdebaires.com.ar\/index.php\/wp-json\/wp\/v2\/posts\/43209\/revisions"}],"predecessor-version":[{"id":43213,"href":"https:\/\/vocesdebaires.com.ar\/index.php\/wp-json\/wp\/v2\/posts\/43209\/revisions\/43213"}],"wp:featuredmedia":[{"embeddable":true,"href":"https:\/\/vocesdebaires.com.ar\/index.php\/wp-json\/wp\/v2\/media\/43210"}],"wp:attachment":[{"href":"https:\/\/vocesdebaires.com.ar\/index.php\/wp-json\/wp\/v2\/media?parent=43209"}],"wp:term":[{"taxonomy":"category","embeddable":true,"href":"https:\/\/vocesdebaires.com.ar\/index.php\/wp-json\/wp\/v2\/categories?post=43209"},{"taxonomy":"post_tag","embeddable":true,"href":"https:\/\/vocesdebaires.com.ar\/index.php\/wp-json\/wp\/v2\/tags?post=43209"}],"curies":[{"name":"wp","href":"https:\/\/api.w.org\/{rel}","templated":true}]}}