{"id":4321,"date":"2019-12-02T03:00:00","date_gmt":"2019-12-02T06:00:00","guid":{"rendered":"http:\/\/vocesdebaires.com.ar\/wordpress\/index.php\/2019\/12\/02\/juzgado-n-7-villa-luro-escuela-centes-3\/"},"modified":"2019-12-02T03:00:00","modified_gmt":"2019-12-02T06:00:00","slug":"juzgado-n-7-villa-luro-escuela-centes-3","status":"publish","type":"post","link":"https:\/\/vocesdebaires.com.ar\/index.php\/2019\/12\/02\/juzgado-n-7-villa-luro-escuela-centes-3\/","title":{"rendered":"Juzgado N\u00b0 7  Villa Luro Escuela  Centes 3"},"content":{"rendered":"<p>El Juzgado de Primera Instancia en lo Contencioso Administrativo y Tributario N\u00b07 de esta Ciudad Aut\u00f3noma de Buenos Aires, a cargo del Juez Subrogante Dr. Martin Miguel Converset, Secretaria N\u00b0 13, a cargo de la Dra. Graciela Garc\u00eda Bavio, sito en Av. Roque Saenz Pe\u00f1a 636, PB de esta ciudad, dispuso en los autos caratulados: Asesor\u00eda Tutelar 1 contra GCBA sobre Amparo\u00a0 Educaci\u00f3n\u00a0 otros, Expte: A11422\/2019-0, otorgar a todas aquellas personas que pudieran tener un inter\u00e9s en el resultado del litigio, el plazo de diez (10) d\u00edas para que se presenten en el expediente, constituyan domicilio y manifiesten lo que por derecho corresponda, bajo apercibimiento de continuar el juicio seg\u00fan su estado y sin perjuicio de lo previsto en el art\u00edculo 84 y ss.<\/p>\n<p>Del CCAyT. Asimismo, se hace saber que las eventuales presentaciones que se efect\u00faen ser\u00e1n admitidas solamente si poseen una argumentaci\u00f3n propia, con fundamentos que no hayan sido plasmados por la parte actora o la demandada, cuyo contenido persuada a este tribunal de que su incorporaci\u00f3n supone una contribuci\u00f3n sustancial al desarrollo del proceso por su pertinencia al objeto de debate y su relevancia para la decisi\u00f3n del caso. Se destaca que el plazo indicado, comenzara a correr a partir del d\u00eda siguiente de la \u00faltima publicaci\u00f3n del edicto en el Bolet\u00edn Oficial de la Ciudad de Buenos Aires (cfr. art. 130 del CCAyT).<\/p>\n<p>A tales efectos, se deja constancia que la acci\u00f3n de amparo se inici\u00f3 contra el Gobierno de la Ciudad de Buenos Aires a fin de cesar en la omisi\u00f3n ilegitima y discriminatoria de garantizar al colectivo de adolescentes con sufrimientos emocionales severos que asisten a los Centros Educativos para Nirios con Tiempos y Espacios Singulares del Ministerio de Educaci\u00f3n e Innovaci\u00f3n, GCBA (CENTES), y a aquellos\/as adolescentes con sufrimientos emocionales severos a quienes el Ministerio de Educaci\u00f3n orienta su inclusi\u00f3n en ese dispositivo, una oferta educativa adecuada a su edad y a su orientaci\u00f3n educativa, con el objeto de que se ordene al GCBA (Ministerio de Educaci\u00f3n e Innovaci\u00f3n) la apertura de un CENTES para adolescentes en el \u2018Polo Educativo Comandante Luis Piedrabuena\u2019 (conforme art. 12.c ley 4436 creaci\u00f3n de una escuela especial\u2019) en el plazo m\u00e1s breve que estime corresponder, o en otro espacio de la zona sur, para el supuesto que el GCBA acreditara la imposibilidad efectiva de su construcci\u00f3n en el lugar se\u00f1alado.<\/p>\n<p>Ello, a fin de garantizar el derecho a la educaci\u00f3n y a la igualdad del colectivo de adolescentes que asisten a los CENTES 1, 2 y 3 y son orientados a permanecer en esta modalidad en el ciclo lectivo 2020, y de aquellos adolescentes que el Ministerio de Educaci\u00f3n haya orientado para ingresar en esta modalidad en el ciclo lectivo 2020 (art. 14, 16, 75 inc. 22 y 23, arts. 11, 23, 24, 39 CCABA, arts. 15, 16 y 17 ley 26206, art. 29 ley 114, ley 898, art. 12.c ley 4436, Res. CFE N\u00b0 155\/11).Respecto del estado procesal de estas actuaciones se deja constancia que se encuentra en etapa inicial y que el 28 de noviembre de 2019 se orden\u00f3 el traslado de demanda.Ciudad Aut\u00f3noma de Buenos Aires, a los 29 d\u00edas del mes de noviembre de 2019.<\/p>\n","protected":false},"excerpt":{"rendered":"<p>El Juzgado de Primera Instancia en lo Contencioso Administrativo y Tributario N\u00b07 de esta Ciudad Aut\u00f3noma de Buenos Aires, a cargo del Juez Subrogante Dr. Martin Miguel Converset, Secretaria N\u00b0 13, a cargo de la Dra. Graciela Garc\u00eda Bavio, sito en Av. Roque Saenz Pe\u00f1a 636, PB de esta ciudad, dispuso en los autos caratulados: [&hellip;]<\/p>\n","protected":false},"author":1,"featured_media":4322,"comment_status":"open","ping_status":"open","sticky":false,"template":"","format":"standard","meta":{"_et_pb_use_builder":"","_et_pb_old_content":"","_et_gb_content_width":"","footnotes":""},"categories":[11,32],"tags":[],"class_list":["post-4321","post","type-post","status-publish","format-standard","has-post-thumbnail","hentry","category-ciudad","category-comunas"],"_links":{"self":[{"href":"https:\/\/vocesdebaires.com.ar\/index.php\/wp-json\/wp\/v2\/posts\/4321"}],"collection":[{"href":"https:\/\/vocesdebaires.com.ar\/index.php\/wp-json\/wp\/v2\/posts"}],"about":[{"href":"https:\/\/vocesdebaires.com.ar\/index.php\/wp-json\/wp\/v2\/types\/post"}],"author":[{"embeddable":true,"href":"https:\/\/vocesdebaires.com.ar\/index.php\/wp-json\/wp\/v2\/users\/1"}],"replies":[{"embeddable":true,"href":"https:\/\/vocesdebaires.com.ar\/index.php\/wp-json\/wp\/v2\/comments?post=4321"}],"version-history":[{"count":0,"href":"https:\/\/vocesdebaires.com.ar\/index.php\/wp-json\/wp\/v2\/posts\/4321\/revisions"}],"wp:featuredmedia":[{"embeddable":true,"href":"https:\/\/vocesdebaires.com.ar\/index.php\/wp-json\/wp\/v2\/media\/4322"}],"wp:attachment":[{"href":"https:\/\/vocesdebaires.com.ar\/index.php\/wp-json\/wp\/v2\/media?parent=4321"}],"wp:term":[{"taxonomy":"category","embeddable":true,"href":"https:\/\/vocesdebaires.com.ar\/index.php\/wp-json\/wp\/v2\/categories?post=4321"},{"taxonomy":"post_tag","embeddable":true,"href":"https:\/\/vocesdebaires.com.ar\/index.php\/wp-json\/wp\/v2\/tags?post=4321"}],"curies":[{"name":"wp","href":"https:\/\/api.w.org\/{rel}","templated":true}]}}