{"id":4323,"date":"2019-12-02T03:00:00","date_gmt":"2019-12-02T06:00:00","guid":{"rendered":"http:\/\/vocesdebaires.com.ar\/wordpress\/index.php\/2019\/12\/02\/venta-masiva-de-tierras-publicas-en-caba\/"},"modified":"2019-12-02T03:00:00","modified_gmt":"2019-12-02T06:00:00","slug":"venta-masiva-de-tierras-publicas-en-caba","status":"publish","type":"post","link":"https:\/\/vocesdebaires.com.ar\/index.php\/2019\/12\/02\/venta-masiva-de-tierras-publicas-en-caba\/","title":{"rendered":"Venta masiva de tierras p\u00fablicas en CABA"},"content":{"rendered":"<p>El gobierno de Larreta logro\u0301 aprobar un proyecto de ley para flexibilizar la venta de inmuebles pu\u0301blicos. Con los votos asegurados por la mayori\u0301a automa\u0301tica del oficialismo porten\u0303o en la Legislatura, el nuevo re\u0301gimen otorga mayor discrecionalidad al Poder Ejecutivo en las operaciones inmobiliarias. En la antesala del segundo mandato de Larreta como Jefe de Gobierno, la iniciativa anticipa una aceleracio\u0301n de la pol\u00edtica de venta masiva de tierras p\u00fablicas que ha caracterizado a Cambiemos en sus doce a\u00f1os de gesti\u00f3n en la Ciudad.<\/p>\n<p>La ciudad perdi\u00f3 un barrio\u00a0 <br \/>Desde que a fines de 2007 Mauricio Macri asumi\u00f3\u0301 la Jefatura de Gobierno de la Ciudad, su pol\u00edtica de administraci\u00f3n del patrimonio pu\u0301blico porte\u00f1o se ha destacado por una notable imprudencia. Los primeros ocho a\u00f1os de mandato del PRO en la Ciudad (1) dejaron un saldo de 40 hect\u00e1reas vendidas y otras 100 concesionadas. Esa sucesi\u00f3n de privatizaciones entre 2008 y 2015 resulto\u0301 sobrepasada por el desenfrenado proceso de liquidaci\u00f3n y disposicio\u0301n de bienes de los cuatro an\u0303os siguientes.<\/p>\n<p>Entre 2016 y 2019, mientras Macri ejercio\u0301 la Presidencia de la Nacio\u0301n y Rodri\u0301guez Larreta, la Jefatura de Gobierno de la Ciudad, la concentracio\u0301n de poder en manos de Cambiemos permitio\u0301 acelerar el remate de tierras. Entre el Estado Nacional y el Estado de la Ciudad, en los u\u0301ltimos cuatro an\u0303os se vendieron 100 hecta\u0301reas y se concesionaron ma\u0301s de 155 (2). Sin mayores limitaciones para la venta de activos, la coordinacio\u0301n de Cambiemos en Nacio\u0301n y Ciudad habilito\u0301, en la mitad de tiempo, rematar ma\u0301s del doble de lo vendido en el peri\u0301odo anterior.<\/p>\n<p>Lejos de servir al enteres social, este proceso desenfrenado de venta de tierras p\u00fablicas ha alimentado la voracidad del negocio inmobiliario. A diferencia de lo que hab\u00eda ocurrido con la cesi\u00f3n de las playas ferroviarias durante el gobierno de Cristina Fern\u00e1ndez de Kirchner que permitieron la construcci\u00f3n del complejo Procrear (en Parque Patricios), las parcelas y edificios liquidados durante la gesti\u00f3n de Cambiemos no fueron destinados a iniciativas de inter\u00e9s p\u00fablico.<\/p>\n<p>En efecto, la pol\u00edtica de venta de inmuebles impulsada por Cambiemos tuvo como destino exclusivo la habilitaci\u00f3n de negocios privados que no producen beneficios para la Ciudad: edificios de departamentos premium (3), emprendimientos gastron\u00f3micos y hoteleros exclusivos (4), centros comerciales (5) y oficinas de alta categor\u00eda (6), entre otros. Como se\u00f1alan las mencionadas estimaciones sobre disposici\u00f3n de terrenos p\u00fablicos, la dimensi\u00f3n del negocio inmobiliario en estos doce a\u00f1os de gesti\u00f3n Cambiemos (sumando hect\u00e1reas vendidas y concesionadas) equivale a 460 manzanas. A modo de referencia, se trata de una superficie similar a la del barrio de Nu\u00f1ez. La influencia de la voracidad especulativa sobre el sector p\u00fablico le ha quitado un barrio entero a la Ciudad.<\/p>\n","protected":false},"excerpt":{"rendered":"<p>El gobierno de Larreta logro\u0301 aprobar un proyecto de ley para flexibilizar la venta de inmuebles pu\u0301blicos. Con los votos asegurados por la mayori\u0301a automa\u0301tica del oficialismo porten\u0303o en la Legislatura, el nuevo re\u0301gimen otorga mayor discrecionalidad al Poder Ejecutivo en las operaciones inmobiliarias. En la antesala del segundo mandato de Larreta como Jefe de [&hellip;]<\/p>\n","protected":false},"author":1,"featured_media":4324,"comment_status":"open","ping_status":"open","sticky":false,"template":"","format":"standard","meta":{"_et_pb_use_builder":"","_et_pb_old_content":"","_et_gb_content_width":"","footnotes":""},"categories":[11,32],"tags":[],"class_list":["post-4323","post","type-post","status-publish","format-standard","has-post-thumbnail","hentry","category-ciudad","category-comunas"],"_links":{"self":[{"href":"https:\/\/vocesdebaires.com.ar\/index.php\/wp-json\/wp\/v2\/posts\/4323"}],"collection":[{"href":"https:\/\/vocesdebaires.com.ar\/index.php\/wp-json\/wp\/v2\/posts"}],"about":[{"href":"https:\/\/vocesdebaires.com.ar\/index.php\/wp-json\/wp\/v2\/types\/post"}],"author":[{"embeddable":true,"href":"https:\/\/vocesdebaires.com.ar\/index.php\/wp-json\/wp\/v2\/users\/1"}],"replies":[{"embeddable":true,"href":"https:\/\/vocesdebaires.com.ar\/index.php\/wp-json\/wp\/v2\/comments?post=4323"}],"version-history":[{"count":0,"href":"https:\/\/vocesdebaires.com.ar\/index.php\/wp-json\/wp\/v2\/posts\/4323\/revisions"}],"wp:featuredmedia":[{"embeddable":true,"href":"https:\/\/vocesdebaires.com.ar\/index.php\/wp-json\/wp\/v2\/media\/4324"}],"wp:attachment":[{"href":"https:\/\/vocesdebaires.com.ar\/index.php\/wp-json\/wp\/v2\/media?parent=4323"}],"wp:term":[{"taxonomy":"category","embeddable":true,"href":"https:\/\/vocesdebaires.com.ar\/index.php\/wp-json\/wp\/v2\/categories?post=4323"},{"taxonomy":"post_tag","embeddable":true,"href":"https:\/\/vocesdebaires.com.ar\/index.php\/wp-json\/wp\/v2\/tags?post=4323"}],"curies":[{"name":"wp","href":"https:\/\/api.w.org\/{rel}","templated":true}]}}