{"id":43237,"date":"2023-04-03T00:00:22","date_gmt":"2023-04-03T03:00:22","guid":{"rendered":"https:\/\/vocesdebaires.com.ar\/?p=43237"},"modified":"2023-04-02T20:05:51","modified_gmt":"2023-04-02T23:05:51","slug":"santilli-vamos-a-ganar-estas-elecciones-como-lo-hicimos-en-2021","status":"publish","type":"post","link":"https:\/\/vocesdebaires.com.ar\/index.php\/2023\/04\/03\/santilli-vamos-a-ganar-estas-elecciones-como-lo-hicimos-en-2021\/","title":{"rendered":"Santilli: \u201cVamos a ganar estas elecciones, como lo hicimos en 2021\u201d"},"content":{"rendered":"<p>Tras mantener una serie de encuentros con vecinos y productores agropecuarios de la Cuarta Secci\u00f3n Electoral, el precandidato a gobernador de la provincia de Buenos Aires asegur\u00f3: \u201cLa gente quiere cambios profundos y desde el d\u00eda uno los vamos a hacer\u201d. El diputado nacional y precandidato a gobernador de la provincia de Buenos Aires, Diego Santilli, realiz\u00f3 el pasado viernes una recorrida por diferentes localidades de la Cuarta Secci\u00f3n Electoral para mantener encuentros con vecinos y productores locales, quienes le manifestaron el drama que atraviesa su vida cotidiana como consecuencia de la inseguridad y la sequ\u00eda.<\/p>\n<p>La recorrida comenz\u00f3 en Gral. Arenales, donde almorz\u00f3 con productores locales, acompa\u00f1ado por el intendente de Jun\u00edn, Pablo Petracca; el de 9 de Julio, Mariano Barroso; y el diputado provincial Walter Cuchetti. Luego, Santilli brind\u00f3 una conferencia en el Club Arenales y manifest\u00f3: \u201cVamos a perder 20.000 millones de d\u00f3lares por la sequ\u00eda, lo que implica tambi\u00e9n una reducci\u00f3n importante de viajes: menos paradas en estaciones de servicio, menos venta de comida y de combustible y, por lo tanto, menos trabajo. Todo eso es un impacto muy fuerte para las familias bonaerenses\u201d.<\/p>\n<p>El itinerario continu\u00f3 con una reuni\u00f3n con productores de Gral Pinto que hace tiempo reclaman la emergencia agropecuaria en la zona, y finaliz\u00f3 en Gral Viamonte, donde visit\u00f3 a una vecina v\u00edctima de la inseguridad, a quien le desvalijaron su casa en un campo de Los Toldos. \u201cFalta menos para poder generar trabajo en nuestro pa\u00eds, que es lo que necesitamos. Falta menos para vivir en paz, tranquilos, para ver a nuestros hijos en la escuela y terminar con un gobierno que no te brinda seguridad, educaci\u00f3n ni trabajo\u201d, expres\u00f3 tras sus encuentros con productores y vecinos.<\/p>\n<p>En ese sentido, se refiri\u00f3 a las posibilidades de Juntos por el Cambio de cara a los comicios de este a\u00f1o: \u201cCreo que vamos a ganar estas elecciones, como lo hicimos en 2021. La sociedad quiere un cambio profundo, no alcanz\u00f3 con lo que se hizo en cuatro a\u00f1os. Tenemos que profundizar y lo vamos a hacer desde el primer d\u00eda\u201d.<\/p>\n<p>\u201c\u00bfQui\u00e9n puede estar en desacuerdo con que los chicos deben ir a la escuela a estudiar y no a ser adoctrinados? \u00bfQui\u00e9n puede estar en desacuerdo con que hay que generar m\u00e1s trabajo en lugar de planes? \u00bfO con que hay que exportar m\u00e1s? Ac\u00e1 el problema no son los planes, sino que hay seis millones de personas que sostienen a otras 18 millones. No hay pa\u00eds en el mundo en el que pase eso. Hay que cambiar esto: generar trabajo y producir el doble\u201d, afirm\u00f3.<\/p>\n<p>El precandidato a gobernador se\u00f1al\u00f3: \u201cEstoy convencido de que hay que sacarle la pata de arriba de la cabeza al productor y al que quiere invertir, bajar los impuestos, reducir la presi\u00f3n fiscal y eliminar tasas para que la gente pueda empezar a trabajar en vez de solo pagar. Hay que simplificar la log\u00edstica en la provincia. No baj\u00e1s todos los impuestos de un d\u00eda para el otro, pero hay que generar un camino para que eso suceda\u201d.<\/p>\n<p>El \u201cColo\u201d finaliz\u00f3 sus declaraciones con cr\u00edticas hacia el Gobierno nacional: \u201cEl ajuste que est\u00e1n haciendo es enorme, y el desajuste es, incluso, m\u00e1s grave. Es el mayor \u00edndice de pobreza de la historia, la mayor inflaci\u00f3n desde la \u2018h\u00edper\u2019, y el mayor endeudamiento anual. Todos los indicadores son horribles, es muy grave lo que est\u00e1 pasando\u201d.<\/p>\n","protected":false},"excerpt":{"rendered":"<p>Tras mantener una serie de encuentros con vecinos y productores agropecuarios de la Cuarta Secci\u00f3n Electoral, el precandidato a gobernador de la provincia de Buenos Aires asegur\u00f3: \u201cLa gente quiere cambios profundos y desde el d\u00eda uno los vamos a hacer\u201d. El diputado nacional y precandidato a gobernador de la provincia de Buenos Aires, Diego [&hellip;]<\/p>\n","protected":false},"author":2,"featured_media":43238,"comment_status":"open","ping_status":"open","sticky":false,"template":"","format":"standard","meta":{"_et_pb_use_builder":"","_et_pb_old_content":"","_et_gb_content_width":"","footnotes":""},"categories":[34,13],"tags":[],"class_list":["post-43237","post","type-post","status-publish","format-standard","has-post-thumbnail","hentry","category-politica","category-provincia"],"_links":{"self":[{"href":"https:\/\/vocesdebaires.com.ar\/index.php\/wp-json\/wp\/v2\/posts\/43237"}],"collection":[{"href":"https:\/\/vocesdebaires.com.ar\/index.php\/wp-json\/wp\/v2\/posts"}],"about":[{"href":"https:\/\/vocesdebaires.com.ar\/index.php\/wp-json\/wp\/v2\/types\/post"}],"author":[{"embeddable":true,"href":"https:\/\/vocesdebaires.com.ar\/index.php\/wp-json\/wp\/v2\/users\/2"}],"replies":[{"embeddable":true,"href":"https:\/\/vocesdebaires.com.ar\/index.php\/wp-json\/wp\/v2\/comments?post=43237"}],"version-history":[{"count":1,"href":"https:\/\/vocesdebaires.com.ar\/index.php\/wp-json\/wp\/v2\/posts\/43237\/revisions"}],"predecessor-version":[{"id":43239,"href":"https:\/\/vocesdebaires.com.ar\/index.php\/wp-json\/wp\/v2\/posts\/43237\/revisions\/43239"}],"wp:featuredmedia":[{"embeddable":true,"href":"https:\/\/vocesdebaires.com.ar\/index.php\/wp-json\/wp\/v2\/media\/43238"}],"wp:attachment":[{"href":"https:\/\/vocesdebaires.com.ar\/index.php\/wp-json\/wp\/v2\/media?parent=43237"}],"wp:term":[{"taxonomy":"category","embeddable":true,"href":"https:\/\/vocesdebaires.com.ar\/index.php\/wp-json\/wp\/v2\/categories?post=43237"},{"taxonomy":"post_tag","embeddable":true,"href":"https:\/\/vocesdebaires.com.ar\/index.php\/wp-json\/wp\/v2\/tags?post=43237"}],"curies":[{"name":"wp","href":"https:\/\/api.w.org\/{rel}","templated":true}]}}