{"id":43265,"date":"2023-04-05T00:00:59","date_gmt":"2023-04-05T03:00:59","guid":{"rendered":"https:\/\/vocesdebaires.com.ar\/?p=43265"},"modified":"2023-04-03T22:19:43","modified_gmt":"2023-04-04T01:19:43","slug":"obra-sobre-inteligencia-artificiales-de-interes-para-la-ciudad","status":"publish","type":"post","link":"https:\/\/vocesdebaires.com.ar\/index.php\/2023\/04\/05\/obra-sobre-inteligencia-artificiales-de-interes-para-la-ciudad\/","title":{"rendered":"Obra sobre Inteligencia Artificial,es de inter\u00e9s para la Ciudad"},"content":{"rendered":"<p>El Cuerpo Legislativo de la Ciudad declar\u00f3 de Inter\u00e9s para la Comunicaci\u00f3n Social al libro El imperio de los algoritmos. IA inclusiva, \u00e9tica y al servicio de la humanidad\u201d, de Cecilia Danesi. El acto se llev\u00f3 a cabo ayer lunes por la tarde, en la Biblioteca Esteban Echeverr\u00eda. Y cont\u00f3 con la presencia de la legisladora porte\u00f1a y autora del proyecto Jessica Barreto y la escritora.<\/p>\n<p>En el comienzo de las alocuciones, la legisladora destac\u00f3 que la obra es \u201cmuy importante para los tiempos que corren\u201d, en relaci\u00f3n al impacto que la Inteligencia Artificial (IA) tienen en nuestras vidas. En ese sentido, abog\u00f3 por la inclusi\u00f3n de dicha tem\u00e1tica en la agenda pol\u00edtica. Y puntualiz\u00f3: \u201cNecesitamos m\u00e1s mujeres escribiendo, comunicando y difundiendo sobre ciencia y tecnolog\u00eda. Y desarrollando nuevas tecnolog\u00edas\u201d.<\/p>\n<p>Por su parte, Danesi agradeci\u00f3 la distinci\u00f3n y cont\u00f3 que el libro se construy\u00f3 gracias a la educaci\u00f3n p\u00fablica. \u201cEl objetivo de este libro es que necesitamos comunicar, divulgar y concientizar sobre estas tem\u00e1ticas y en forma sencilla\u201d, resalt\u00f3. Adem\u00e1s recalc\u00f3 que los objetivos de la obra tambi\u00e9n son la \u201creivindicaci\u00f3n de la identidad latino e iberoamericana\u201d que tenemos sobre el tema, como tambi\u00e9n \u201cla diversidad, el g\u00e9nero y los derechos humanos\u201d. \u201cQu\u00e9 el libro sea un disparador para discutir las nuevas tecnolog\u00edas\u201d, concluy\u00f3 la autora.<\/p>\n<p>Cada cap\u00edtulo del libro aborda con una mirada novedosa la relaci\u00f3n de la inteligencia artificial y diversos temas de actualidad, como la regulaci\u00f3n del uso de los sistemas inteligentes, los derechos que emergieron con el uso de la tecnolog\u00eda y el paradigma de las redes sociales. Tambi\u00e9n los sistemas de seguridad con los que convivimos y la reconfiguraci\u00f3n del marco normativo internacional en la b\u00fasqueda de la defensa de derechos, entre otros.<\/p>\n<p>Este libro es sumamente \u00fatil para conocer el detr\u00e1s de escena de la inteligencia artificial. Nos invita a reflexionar sobre c\u00f3mo los desarrollos tecnol\u00f3gicos, desde los electrodom\u00e9sticos m\u00e1s cotidianos hasta los algoritmos detr\u00e1s de las TIC\u00b4s, si son desarrollados e implementados atendiendo los posibles sesgos. Y generando un entorno amigable con quienes los utilizamos son beneficiosos para el desarrollo de la humanidad.<\/p>\n","protected":false},"excerpt":{"rendered":"<p>El Cuerpo Legislativo de la Ciudad declar\u00f3 de Inter\u00e9s para la Comunicaci\u00f3n Social al libro El imperio de los algoritmos. IA inclusiva, \u00e9tica y al servicio de la humanidad\u201d, de Cecilia Danesi. El acto se llev\u00f3 a cabo ayer lunes por la tarde, en la Biblioteca Esteban Echeverr\u00eda. Y cont\u00f3 con la presencia de la [&hellip;]<\/p>\n","protected":false},"author":2,"featured_media":43266,"comment_status":"open","ping_status":"open","sticky":false,"template":"","format":"standard","meta":{"_et_pb_use_builder":"","_et_pb_old_content":"","_et_gb_content_width":"","footnotes":""},"categories":[11,33],"tags":[],"class_list":["post-43265","post","type-post","status-publish","format-standard","has-post-thumbnail","hentry","category-ciudad","category-sociedad-y-cultura-2"],"_links":{"self":[{"href":"https:\/\/vocesdebaires.com.ar\/index.php\/wp-json\/wp\/v2\/posts\/43265"}],"collection":[{"href":"https:\/\/vocesdebaires.com.ar\/index.php\/wp-json\/wp\/v2\/posts"}],"about":[{"href":"https:\/\/vocesdebaires.com.ar\/index.php\/wp-json\/wp\/v2\/types\/post"}],"author":[{"embeddable":true,"href":"https:\/\/vocesdebaires.com.ar\/index.php\/wp-json\/wp\/v2\/users\/2"}],"replies":[{"embeddable":true,"href":"https:\/\/vocesdebaires.com.ar\/index.php\/wp-json\/wp\/v2\/comments?post=43265"}],"version-history":[{"count":1,"href":"https:\/\/vocesdebaires.com.ar\/index.php\/wp-json\/wp\/v2\/posts\/43265\/revisions"}],"predecessor-version":[{"id":43267,"href":"https:\/\/vocesdebaires.com.ar\/index.php\/wp-json\/wp\/v2\/posts\/43265\/revisions\/43267"}],"wp:featuredmedia":[{"embeddable":true,"href":"https:\/\/vocesdebaires.com.ar\/index.php\/wp-json\/wp\/v2\/media\/43266"}],"wp:attachment":[{"href":"https:\/\/vocesdebaires.com.ar\/index.php\/wp-json\/wp\/v2\/media?parent=43265"}],"wp:term":[{"taxonomy":"category","embeddable":true,"href":"https:\/\/vocesdebaires.com.ar\/index.php\/wp-json\/wp\/v2\/categories?post=43265"},{"taxonomy":"post_tag","embeddable":true,"href":"https:\/\/vocesdebaires.com.ar\/index.php\/wp-json\/wp\/v2\/tags?post=43265"}],"curies":[{"name":"wp","href":"https:\/\/api.w.org\/{rel}","templated":true}]}}