{"id":43275,"date":"2023-04-05T00:00:59","date_gmt":"2023-04-05T03:00:59","guid":{"rendered":"https:\/\/vocesdebaires.com.ar\/?p=43275"},"modified":"2023-04-04T21:47:34","modified_gmt":"2023-04-05T00:47:34","slug":"esta-semana-en-tandil-todo-es-una-fiesta","status":"publish","type":"post","link":"https:\/\/vocesdebaires.com.ar\/index.php\/2023\/04\/05\/esta-semana-en-tandil-todo-es-una-fiesta\/","title":{"rendered":"Esta semana en Tandil, todo es una fiesta"},"content":{"rendered":"<p>Tandil es una de las ciudades m\u00e1s antiguas de todo el sur argentino, fundada por el gobernador Mart\u00edn Rodr\u00edguez el 4 de abril de 1823. El historiador y periodista N\u00e9stor Dipaola relata: \u201cAunque el nombre Tandil ya estaba difundido desde el siglo XVII, la primera denominaci\u00f3n oficial fue \u201cFortaleza de la Independencia\u201d, ya que surgi\u00f3 como una avanzada en el marco de la contienda que sectores dirigentes, militares y terratenientes manten\u00edan con los abor\u00edgenes.<\/p>\n<p>En un principio predominaron aqu\u00ed las tribus de pampas y serranos, pero medio siglo antes de la fundaci\u00f3n del Fuerte, es decir entre 1770 y 1820 aproximadamente, los araucanos o mapuches llegados de la Patagonia ejercieron su influencia cultural y comercial. Una de las principales actividades que desarrollaron fue la denominada \u201cFeria Ind\u00edgena del Chapaleof\u00fa\u201d. A trav\u00e9s de ella, los mapuches intercambiaban ponchos, mantas, art\u00edculos en cuero y otras importantes artesan\u00edas, por productos que tra\u00edan indios procedentes de otras regiones del pa\u00eds y tambi\u00e9n los comerciantes que, con motivo de la Feria, llegaban desde Buenos Aires\u201d.<\/p>\n<p>Las verdes serran\u00edas que hoy disfrutamos para la vida al aire libre y gran cantidad de actividades outdoor son las mismas que aquellas gentes recorr\u00edan a pie por kil\u00f3metros para traer y llevar sus productos hasta la zona, especialmente sal y tejidos. Eran las mujeres tejedoras de ponchos las que m\u00e1s trabajaban. De hecho, fueron esos mismos tejidos los que usaron las tropas argentinas mucho tiempo despu\u00e9s para la guerra porque eran abrigados, impermeables y no perd\u00edan el color.<\/p>\n<p>Piedra que late, Piedra que se mueve, Piedra donde encontrarse son algunas de las acepciones que se le atribuyen al mapuche nombre Tandil, ya que los ind\u00edgenas asociaban a la zona con las piedras que para ellos eran algo incorruptible e indispensable para el desarrollo de su vida cotidiana. As\u00ed que habitada desde miles de a\u00f1os atr\u00e1s, la moderna Tandil hoy cuenta con 150.000 habitantes, muchos descendientes de italianos y espa\u00f1oles, aunque el primer inmigrante fue Dan\u00e9s, , Juan Fugl en 1811, quien dej\u00f3 una gran impronta.<\/p>\n<p>\u201cAdem\u00e1s de ser un importante centro agropecuario, comercial e industrial, es uno de los lugares de la provincia de Buenos Aires m\u00e1s visitados por los turistas, por su deslumbrante paisaje. Es que en medio de la inmensidad de la llanura pampeana, Tandil est\u00e1 situada en un valle rodeado de cerros milenarios, que otorgan un panorama de especial atracci\u00f3n. Es famosa por la Piedra Movediza, que se cay\u00f3 el 29 de febrero de 1912 luego de oscilar por milenios en la cima y ser considerada por ese motivo una de las maravillas mundiales\u201d cuenta Dipaola.<\/p>\n<p>Fue en mayo de 2007 que se instal\u00f3 la r\u00e9plica exacta que hoy podemos visitar una obra puede ser considerada como un monumento a aquella fant\u00e1stica Piedra Madre de los tandilenses. Tandil conserva y a\u00f1ade constantemente atractivos, gracias a los hermosos paseos serranos ubicados a pocas cuadras del centro. Por otra parte, los circuitos tur\u00edsticos alternativos hacen de esta ciudad un lugar ideal, digno de ser conocido.<\/p>\n<p>La llegada del ferrocarril, en el a\u00f1o 1883, se constituy\u00f3 en una de las principales razones del despegue y crecimiento. La vieja aldea agropastoril empez\u00f3 a sumar nuevas producciones a trav\u00e9s de rubros de mucha gravitaci\u00f3n como la industria, el comercio y el turismo. El auge de las canteras y del desarrollo l\u00e1cteo primero y las f\u00e1bricas metal\u00fargicas algunas d\u00e9cadas despu\u00e9s, convirtieron a la ciudad en un fuerte atractivo para la radicaci\u00f3n de numerosas familias en procura de fuentes laborales.<\/p>\n<p>Hoy Tandil es una ciudad consolidada, con varios miles de establecimientos comerciales y una industria en pleno desarrollo a lo cual se suma su producci\u00f3n de alimentos, m\u00e1s all\u00e1 de los exquisitos salames y quesos ya reconocidos a nivel nacional e internacional. Cuenta con una de las m\u00e1s importantes y calificadas universidades nacionales del pa\u00eds hasta la que llegan miles de estudiantes desde toda la regi\u00f3n y muestra cada d\u00eda el incesante quehacer en materia de producciones y creaciones intelectuales y culturales.<\/p>\n<p><strong>Agenda de actividades Bicentenario de Tandil<\/strong><br \/>\nSi bien los actos comenzaron el fin de semana pasado, ma\u00f1ana martes la Fiesta arranca a full con la inauguraci\u00f3n del Hito Urbano como homenaje a los 200 a\u00f1os, 19:00 hs. en Espora entre Franklin y Primera Junta. All\u00ed mismo ser\u00e1 la presentaci\u00f3n de Soledad Pastorutti, la Sole, a las 20 hs. frente al Hito urbano en Espora y Primera Junta. Durante el mismo d\u00eda se realizar\u00e1 el Desfile popular del Bicentenario de las instituciones del partido. Desde las 14:30 hs. en la Avenida del Encuentro (Avenida del Valle). En el Acto Central se realizar\u00e1 la actuaci\u00f3n de la Banda Militar, desde las 11 hs. en la cima del Parque Independencia.<\/p>\n<p><strong>Jueves 6 de abril<\/strong><br \/>\nSemana Santa del Bicentenario Ferias y Actividades culturales y religiosas.<\/p>\n<p><strong>10 de abril<\/strong><br \/>\nSemana de los adultos mayores<br \/>\nSemana de los adultos mayores. Visitas guiadas a paseos de la ciudad.<\/p>\n<p><strong>S\u00e0bado 15 de abril<\/strong><br \/>\nD\u00eda del deporte del Bicentenario<br \/>\nCorrecaminata, Actividades deportivas, food trucks y m\u00fasica en vivo, desde las 14 hs. alrededor del Lago del Fuerte.<\/p>\n<p><strong>Domingo 16 de abril<\/strong><br \/>\nDinotarde &#8211; Jornada para la \u00f1i\u00f1ez y las familias<br \/>\nEspect\u00e1culos Infantiles, Participaci\u00f3n de la Banda Infantil. Inauguraci\u00f3n del Argentinosaurio Desde las 15 hs. en el Parque del Origen.<\/p>\n<p><strong>Lunes 17 de abril <\/strong><br \/>\n<strong>Semana de Juventudes<\/strong><br \/>\nLa historia de La Far\u00e1ndula Estudiantil en im\u00e1genes Encuentro musical en la Plaza de las Banderas.<br \/>\nPresentaci\u00f3n del libro \u00abTandil: De Aldea a ciudad (1823-2023)\u00bb. Mesa de autores 18 hs. en el Aula Magna de la UNICEN<\/p>\n<p><strong>Domingo 23 de abril<\/strong><br \/>\nInauguraci\u00f3n del paseo de las personalidades de Bicentenario<br \/>\n17:45 hs. Jardines del Palacio Municipal, homenaje a referentes de la comunidad.<\/p>\n<p><strong>Presentaci\u00f3n del libro \u00abTandil en el Bicentenario\u00bb<\/strong><br \/>\nMesa de autores 18 hs. en el Sal\u00f3n Blanco del Palacio Municipal<br \/>\nLunes 24 de abril<br \/>\nSemana de la integraci\u00f3n<br \/>\nReconocimiento patrimonial y cultural en espacios que permitan el acceso igualitario destinado a personas con discapacidad.<\/p>\n<p><strong>Tandil de la Solidaridad y la Inclusi\u00f3n<\/strong><br \/>\nPresentaci\u00f3n por parte de ONGs del proyecto de Ordenanza para proclamar el D\u00eda de la solidaridad y voluntariado tandilense.<\/p>\n<p><strong>S\u00e0bado 29 de abril<\/strong><br \/>\nEncuentro de las Colectividades<br \/>\nPatio de Comidas T\u00edpicas\/Actuaci\u00f3n de cuerpos de baile Desde las 12 hs. en la Plaza de las Banderas<\/p>\n<p><strong>Domingo 30 de abril<\/strong><br \/>\nInauguraci\u00f3n Paseo de los Vascos<br \/>\nDesde las 16 hs. Parque L\u00edtico La Movediza<\/p>\n","protected":false},"excerpt":{"rendered":"<p>Tandil es una de las ciudades m\u00e1s antiguas de todo el sur argentino, fundada por el gobernador Mart\u00edn Rodr\u00edguez el 4 de abril de 1823. El historiador y periodista N\u00e9stor Dipaola relata: \u201cAunque el nombre Tandil ya estaba difundido desde el siglo XVII, la primera denominaci\u00f3n oficial fue \u201cFortaleza de la Independencia\u201d, ya que surgi\u00f3 [&hellip;]<\/p>\n","protected":false},"author":3,"featured_media":43276,"comment_status":"open","ping_status":"open","sticky":false,"template":"","format":"standard","meta":{"_et_pb_use_builder":"","_et_pb_old_content":"","_et_gb_content_width":"","footnotes":""},"categories":[13],"tags":[],"class_list":["post-43275","post","type-post","status-publish","format-standard","has-post-thumbnail","hentry","category-provincia"],"_links":{"self":[{"href":"https:\/\/vocesdebaires.com.ar\/index.php\/wp-json\/wp\/v2\/posts\/43275"}],"collection":[{"href":"https:\/\/vocesdebaires.com.ar\/index.php\/wp-json\/wp\/v2\/posts"}],"about":[{"href":"https:\/\/vocesdebaires.com.ar\/index.php\/wp-json\/wp\/v2\/types\/post"}],"author":[{"embeddable":true,"href":"https:\/\/vocesdebaires.com.ar\/index.php\/wp-json\/wp\/v2\/users\/3"}],"replies":[{"embeddable":true,"href":"https:\/\/vocesdebaires.com.ar\/index.php\/wp-json\/wp\/v2\/comments?post=43275"}],"version-history":[{"count":1,"href":"https:\/\/vocesdebaires.com.ar\/index.php\/wp-json\/wp\/v2\/posts\/43275\/revisions"}],"predecessor-version":[{"id":43277,"href":"https:\/\/vocesdebaires.com.ar\/index.php\/wp-json\/wp\/v2\/posts\/43275\/revisions\/43277"}],"wp:featuredmedia":[{"embeddable":true,"href":"https:\/\/vocesdebaires.com.ar\/index.php\/wp-json\/wp\/v2\/media\/43276"}],"wp:attachment":[{"href":"https:\/\/vocesdebaires.com.ar\/index.php\/wp-json\/wp\/v2\/media?parent=43275"}],"wp:term":[{"taxonomy":"category","embeddable":true,"href":"https:\/\/vocesdebaires.com.ar\/index.php\/wp-json\/wp\/v2\/categories?post=43275"},{"taxonomy":"post_tag","embeddable":true,"href":"https:\/\/vocesdebaires.com.ar\/index.php\/wp-json\/wp\/v2\/tags?post=43275"}],"curies":[{"name":"wp","href":"https:\/\/api.w.org\/{rel}","templated":true}]}}