{"id":433,"date":"2021-01-12T03:49:01","date_gmt":"2021-01-12T06:49:01","guid":{"rendered":"http:\/\/vocesdebaires.com.ar\/wordpress\/index.php\/2021\/01\/12\/calle-corrientes-testearan-elencos-y-productores\/"},"modified":"2021-01-12T03:49:01","modified_gmt":"2021-01-12T06:49:01","slug":"calle-corrientes-testearan-elencos-y-productores","status":"publish","type":"post","link":"https:\/\/vocesdebaires.com.ar\/index.php\/2021\/01\/12\/calle-corrientes-testearan-elencos-y-productores\/","title":{"rendered":"Calle Corrientes: Testear\u00e1n elencos y productores"},"content":{"rendered":"<p>El Ministerio de Cultura y el Ministerio de Salud de la Ciudad, en conjunto con la Asociaci\u00f3n Argentina de Empresarios Teatrales y Musicales convinieron que tanto elencos, como t\u00e9cnicos y productores de las obras teatrales que se desarrollan en Calle Corrientes puedan realizarse el test de Covid-19 en una franja horaria exclusiva y continuar con su seguimiento cada 15 d\u00edas, para seguir garantizando la seguridad sanitaria durante el desarrollo de sus actividades.<\/p>\n<p>\u201cVenimos trabajando intensamente en la vuelta de las actividades art\u00edsticas y culturales en la Ciudad. En este contexto de pandemia debemos tener todos los cuidados necesarios para cuidarnos y evitar los contagios. Por este motivo, todos los trabajadores y trabajadoras vinculados al teatro, podr\u00e1n realizarse testeos de manera preventiva cada 15 d\u00edas. Es importante estar atentos y cumplir con los protocolos para que podamos seguir viviendo la Cultura de Buenos Aires de forma segura\u201d afirm\u00f3 el ministro de cultura Enrique Avogadro. Los testeos se realizar\u00e1n en el dispositivo DetectAr ubicado en Callao al 600, comenzar\u00e1n el martes 12 de enero y se estima que en una primera instancia participar\u00e1n aproximadamente 450 personas.<\/p>\n","protected":false},"excerpt":{"rendered":"<p>El Ministerio de Cultura y el Ministerio de Salud de la Ciudad, en conjunto con la Asociaci\u00f3n Argentina de Empresarios Teatrales y Musicales convinieron que tanto elencos, como t\u00e9cnicos y productores de las obras teatrales que se desarrollan en Calle Corrientes puedan realizarse el test de Covid-19 en una franja horaria exclusiva y continuar con [&hellip;]<\/p>\n","protected":false},"author":1,"featured_media":434,"comment_status":"open","ping_status":"open","sticky":false,"template":"","format":"standard","meta":{"_et_pb_use_builder":"","_et_pb_old_content":"","_et_gb_content_width":"","footnotes":""},"categories":[11,32],"tags":[],"class_list":["post-433","post","type-post","status-publish","format-standard","has-post-thumbnail","hentry","category-ciudad","category-comunas"],"_links":{"self":[{"href":"https:\/\/vocesdebaires.com.ar\/index.php\/wp-json\/wp\/v2\/posts\/433"}],"collection":[{"href":"https:\/\/vocesdebaires.com.ar\/index.php\/wp-json\/wp\/v2\/posts"}],"about":[{"href":"https:\/\/vocesdebaires.com.ar\/index.php\/wp-json\/wp\/v2\/types\/post"}],"author":[{"embeddable":true,"href":"https:\/\/vocesdebaires.com.ar\/index.php\/wp-json\/wp\/v2\/users\/1"}],"replies":[{"embeddable":true,"href":"https:\/\/vocesdebaires.com.ar\/index.php\/wp-json\/wp\/v2\/comments?post=433"}],"version-history":[{"count":0,"href":"https:\/\/vocesdebaires.com.ar\/index.php\/wp-json\/wp\/v2\/posts\/433\/revisions"}],"wp:featuredmedia":[{"embeddable":true,"href":"https:\/\/vocesdebaires.com.ar\/index.php\/wp-json\/wp\/v2\/media\/434"}],"wp:attachment":[{"href":"https:\/\/vocesdebaires.com.ar\/index.php\/wp-json\/wp\/v2\/media?parent=433"}],"wp:term":[{"taxonomy":"category","embeddable":true,"href":"https:\/\/vocesdebaires.com.ar\/index.php\/wp-json\/wp\/v2\/categories?post=433"},{"taxonomy":"post_tag","embeddable":true,"href":"https:\/\/vocesdebaires.com.ar\/index.php\/wp-json\/wp\/v2\/tags?post=433"}],"curies":[{"name":"wp","href":"https:\/\/api.w.org\/{rel}","templated":true}]}}